{"id":10624,"date":"2023-10-22T13:33:45","date_gmt":"2023-10-22T11:33:45","guid":{"rendered":"https:\/\/agora.xtec.cat\/ceip-fontfreda\/?p=10624"},"modified":"2023-10-23T19:55:43","modified_gmt":"2023-10-23T17:55:43","slug":"fem-ioga","status":"publish","type":"post","link":"https:\/\/agora.xtec.cat\/ceip-fontfreda\/general\/fem-ioga\/","title":{"rendered":"FEM IOGA!"},"content":{"rendered":"<p><em>La classe de les estrelles de mar hem apr\u00e9s a fer diferents postures d&#8217;animals marins a classe de <strong>ioga,<\/strong> entre elles, l&#8217;estrella de mar! Hem gaudit molt i sobretot hem apr\u00e9s a relaxar-nos de manera divertida.\u00a0<\/em><\/p>\n<p><em>Durant l&#8217;estona de psicomotricitat, correm, saltem, ballem, juguem amb diferents materials i a diferents propostes per\u00f2 sempre, sempre acabem amb relaxaci\u00f3 i en aquest cas, hem realitzat una sessi\u00f3 sencera de relaxaci\u00f3.<\/em><\/p>\n<p><em>A continuaci\u00f3 deixo una foto de la sessi\u00f3 de ioga i l&#8217;enlla\u00e7 per veure&#8217;n m\u00e9s a la <strong>carpeta del drive<\/strong>!<\/em><\/p>\n<p><a href=\"https:\/\/agora.xtec.cat\/ceip-fontfreda\/wp-content\/uploads\/usu813\/2023\/10\/IMG-20231020-WA0008.jpg\"><img loading=\"lazy\" decoding=\"async\" class=\"alignnone size-large wp-image-10625\" src=\"https:\/\/agora.xtec.cat\/ceip-fontfreda\/wp-content\/uploads\/usu813\/2023\/10\/IMG-20231020-WA0008-1024x461.jpg\" alt=\"\" width=\"1024\" height=\"461\" srcset=\"https:\/\/agora.xtec.cat\/ceip-fontfreda\/wp-content\/uploads\/usu813\/2023\/10\/IMG-20231020-WA0008-1024x461.jpg 1024w, https:\/\/agora.xtec.cat\/ceip-fontfreda\/wp-content\/uploads\/usu813\/2023\/10\/IMG-20231020-WA0008-300x135.jpg 300w, https:\/\/agora.xtec.cat\/ceip-fontfreda\/wp-content\/uploads\/usu813\/2023\/10\/IMG-20231020-WA0008-768x346.jpg 768w, https:\/\/agora.xtec.cat\/ceip-fontfreda\/wp-content\/uploads\/usu813\/2023\/10\/IMG-20231020-WA0008-1536x691.jpg 1536w, https:\/\/agora.xtec.cat\/ceip-fontfreda\/wp-content\/uploads\/usu813\/2023\/10\/IMG-20231020-WA0008.jpg 1600w\" sizes=\"auto, (max-width: 1024px) 100vw, 1024px\" \/><\/a><\/p>\n<p><a href=\"https:\/\/drive.google.com\/drive\/folders\/1YGiB6w5RmoYuOsM-oE8eW-0lJhznVRul?usp=sharing\" target=\"_blank\" rel=\"noopener\">https:\/\/drive.google.com\/drive\/folders\/1YGiB6w5RmoYuOsM-oE8eW-0lJhznVRul?usp=sharing<\/a><\/p>\n<p><strong>Bona setmana fam\u00edlies!<\/strong><\/p>\n<p>Alba<\/p>\n","protected":false},"excerpt":{"rendered":"<p>La classe de les estrelles de mar hem apr\u00e9s a fer diferents postures d&#8217;animals marins a classe de ioga, entre elles, l&#8217;estrella de mar! Hem gaudit molt i sobretot hem apr\u00e9s a relaxar-nos de manera divertida.\u00a0<br \/>\nDurant l&#8217;estona de psicomotricitat, correm, saltem, ballem, juguem amb diferents&hellip;  <a href=\"https:\/\/agora.xtec.cat\/ceip-fontfreda\/general\/fem-ioga\/\" title=\"Read FEM IOGA!\">Llegeix m\u00e9s\u00bb<\/a><\/p>\n","protected":false},"author":1,"featured_media":10641,"comment_status":"open","ping_status":"closed","sticky":false,"template":"","format":"standard","meta":{"_bbp_topic_count":0,"_bbp_reply_count":0,"_bbp_total_topic_count":0,"_bbp_total_reply_count":0,"_bbp_voice_count":0,"_bbp_anonymous_reply_count":0,"_bbp_topic_count_hidden":0,"_bbp_reply_count_hidden":0,"_bbp_forum_subforum_count":0,"footnotes":""},"categories":[74,1,3,2,4],"tags":[124,52,18],"class_list":["post-10624","post","type-post","status-publish","format-standard","has-post-thumbnail","hentry","category-ef","category-general","category-i3","category-infantil","category-portada","tag-i3","tag-infantil","tag-psicomotricitat"],"post_mailing_queue_ids":[],"_links":{"self":[{"href":"https:\/\/agora.xtec.cat\/ceip-fontfreda\/wp-json\/wp\/v2\/posts\/10624","targetHints":{"allow":["GET"]}}],"collection":[{"href":"https:\/\/agora.xtec.cat\/ceip-fontfreda\/wp-json\/wp\/v2\/posts"}],"about":[{"href":"https:\/\/agora.xtec.cat\/ceip-fontfreda\/wp-json\/wp\/v2\/types\/post"}],"author":[{"embeddable":true,"href":"https:\/\/agora.xtec.cat\/ceip-fontfreda\/wp-json\/wp\/v2\/users\/1"}],"replies":[{"embeddable":true,"href":"https:\/\/agora.xtec.cat\/ceip-fontfreda\/wp-json\/wp\/v2\/comments?post=10624"}],"version-history":[{"count":3,"href":"https:\/\/agora.xtec.cat\/ceip-fontfreda\/wp-json\/wp\/v2\/posts\/10624\/revisions"}],"predecessor-version":[{"id":10640,"href":"https:\/\/agora.xtec.cat\/ceip-fontfreda\/wp-json\/wp\/v2\/posts\/10624\/revisions\/10640"}],"wp:featuredmedia":[{"embeddable":true,"href":"https:\/\/agora.xtec.cat\/ceip-fontfreda\/wp-json\/wp\/v2\/media\/10641"}],"wp:attachment":[{"href":"https:\/\/agora.xtec.cat\/ceip-fontfreda\/wp-json\/wp\/v2\/media?parent=10624"}],"wp:term":[{"taxonomy":"category","embeddable":true,"href":"https:\/\/agora.xtec.cat\/ceip-fontfreda\/wp-json\/wp\/v2\/categories?post=10624"},{"taxonomy":"post_tag","embeddable":true,"href":"https:\/\/agora.xtec.cat\/ceip-fontfreda\/wp-json\/wp\/v2\/tags?post=10624"}],"curies":[{"name":"wp","href":"https:\/\/api.w.org\/{rel}","templated":true}]}}