{"id":10609,"date":"2023-10-19T12:14:40","date_gmt":"2023-10-19T10:14:40","guid":{"rendered":"https:\/\/agora.xtec.cat\/ceip-fontfreda\/?p=10609"},"modified":"2023-10-19T12:15:38","modified_gmt":"2023-10-19T10:15:38","slug":"fotos-nadal-afa","status":"publish","type":"post","link":"https:\/\/agora.xtec.cat\/ceip-fontfreda\/general\/fotos-nadal-afa\/","title":{"rendered":"Fotos NADAL AFA"},"content":{"rendered":"<p><span style=\"font-weight: 400\">Bon dia fam\u00edlies<\/span><\/p>\n<p><span style=\"font-weight: 400\">Aquest curs tornem a oferir la sessi\u00f3 de fotos de Nadal per als infants.<\/span><\/p>\n<p><span style=\"font-weight: 400\">Les sessions es realitzaran al local de l&#8217;AFA durant les tardes dels dies 20, 21 i 22 de noviembre.<\/span><\/p>\n<p><span style=\"font-weight: 400\">Podeu escollir entre dos packs:<\/span><\/p>\n<ol>\n<li style=\"font-weight: 400\"><span style=\"font-weight: 400\">Cinc fotos en format digital per 25\u20ac. Aquest pack es per a dos infants m\u00e0xim.<\/span><\/li>\n<li style=\"font-weight: 400\"><span style=\"font-weight: 400\">Vuit fotos per 35\u20ac en format digital. Aquest pack el pot escollir tothom i a m\u00e9s \u00e9s l&#8217;obligaroti per a aquelles famil\u00edes amb tres infants.<\/span><\/li>\n<\/ol>\n<p><span style=\"font-weight: 400\">Recordem que les fotos s\u00f3n \u00fanica i exclusivament destinades als infants de l&#8217;escola. Els adults no podr\u00e1n sortir al reportatge.<\/span><\/p>\n<p><span style=\"font-weight: 400\">Si esteu interessats podeu enviar un mail a <\/span><a href=\"mailto:afafontfreda@gmail.com\"><span style=\"font-weight: 400\">afafontfreda@gmail.com<\/span><\/a><span style=\"font-weight: 400\"> amb l&#8217;assumpte Fotograf\u00edes de Nadal i us hi assignarem una hora per portar a terme la sessi\u00f3.<\/span><\/p>\n<p><span style=\"font-weight: 400\">Llegiu atentamente la infograf\u00eda que us hi enviem, en cas de dubtes podeu posar-vos en contacte amb nosaltres a trav\u00e9s del mail.\u00a0<\/span><\/p>\n<p><a href=\"https:\/\/agora.xtec.cat\/ceip-fontfreda\/wp-content\/uploads\/usu813\/2023\/10\/info-definitiu.jpg\"><img loading=\"lazy\" decoding=\"async\" class=\"alignnone wp-image-10610\" src=\"https:\/\/agora.xtec.cat\/ceip-fontfreda\/wp-content\/uploads\/usu813\/2023\/10\/info-definitiu-724x1024.jpg\" alt=\"\" width=\"414\" height=\"586\" srcset=\"https:\/\/agora.xtec.cat\/ceip-fontfreda\/wp-content\/uploads\/usu813\/2023\/10\/info-definitiu-724x1024.jpg 724w, https:\/\/agora.xtec.cat\/ceip-fontfreda\/wp-content\/uploads\/usu813\/2023\/10\/info-definitiu-212x300.jpg 212w, https:\/\/agora.xtec.cat\/ceip-fontfreda\/wp-content\/uploads\/usu813\/2023\/10\/info-definitiu-768x1087.jpg 768w, https:\/\/agora.xtec.cat\/ceip-fontfreda\/wp-content\/uploads\/usu813\/2023\/10\/info-definitiu-1085x1536.jpg 1085w, https:\/\/agora.xtec.cat\/ceip-fontfreda\/wp-content\/uploads\/usu813\/2023\/10\/info-definitiu.jpg 1447w\" sizes=\"auto, (max-width: 414px) 100vw, 414px\" \/><\/a><\/p>\n<p><span style=\"font-weight: 400\">A continuaci\u00f3 adjuntem l&#8217;escenari d&#8217;aquest curs.\u00a0<\/span><\/p>\n<p><a href=\"https:\/\/agora.xtec.cat\/ceip-fontfreda\/wp-content\/uploads\/usu813\/2023\/10\/escenari.jpg\"><img loading=\"lazy\" decoding=\"async\" class=\"alignnone wp-image-10611\" src=\"https:\/\/agora.xtec.cat\/ceip-fontfreda\/wp-content\/uploads\/usu813\/2023\/10\/escenari.jpg\" alt=\"\" width=\"590\" height=\"388\" srcset=\"https:\/\/agora.xtec.cat\/ceip-fontfreda\/wp-content\/uploads\/usu813\/2023\/10\/escenari.jpg 1024w, https:\/\/agora.xtec.cat\/ceip-fontfreda\/wp-content\/uploads\/usu813\/2023\/10\/escenari-300x197.jpg 300w, https:\/\/agora.xtec.cat\/ceip-fontfreda\/wp-content\/uploads\/usu813\/2023\/10\/escenari-768x505.jpg 768w\" sizes=\"auto, (max-width: 590px) 100vw, 590px\" \/><\/a><\/p>\n<p><span style=\"font-weight: 400\">Esperem que us agradi.<\/span><\/p>\n<p>&nbsp;<\/p>\n<p>AFA Escola Font Freda<\/p>\n","protected":false},"excerpt":{"rendered":"<p>Bon dia fam\u00edlies<br \/>\nAquest curs tornem a oferir la sessi\u00f3 de fotos de Nadal per als infants.<br \/>\nLes sessions es realitzaran al local de l&#8217;AFA durant les tardes dels dies 20, 21 i 22 de noviembre.<br \/>\nPodeu escollir entre dos packs:<\/p>\n<ol>\n<li style=\"font-weight: 400\">Cinc fotos en format digital per&hellip;  <a href=\"https:\/\/agora.xtec.cat\/ceip-fontfreda\/general\/fotos-nadal-afa\/\" title=\"Read Fotos NADAL AFA\">Llegeix m\u00e9s\u00bb<\/a><br \/>\n","protected":false},"author":53,"featured_media":0,"comment_status":"open","ping_status":"closed","sticky":false,"template":"","format":"standard","meta":{"_bbp_topic_count":0,"_bbp_reply_count":0,"_bbp_total_topic_count":0,"_bbp_total_reply_count":0,"_bbp_voice_count":0,"_bbp_anonymous_reply_count":0,"_bbp_topic_count_hidden":0,"_bbp_reply_count_hidden":0,"_bbp_forum_subforum_count":0,"footnotes":""},"categories":[7,1,71],"tags":[],"class_list":["post-10609","post","type-post","status-publish","format-standard","hentry","category-afa","category-general","category-informacions-afa"],"post_mailing_queue_ids":[],"_links":{"self":[{"href":"https:\/\/agora.xtec.cat\/ceip-fontfreda\/wp-json\/wp\/v2\/posts\/10609","targetHints":{"allow":["GET"]}}],"collection":[{"href":"https:\/\/agora.xtec.cat\/ceip-fontfreda\/wp-json\/wp\/v2\/posts"}],"about":[{"href":"https:\/\/agora.xtec.cat\/ceip-fontfreda\/wp-json\/wp\/v2\/types\/post"}],"author":[{"embeddable":true,"href":"https:\/\/agora.xtec.cat\/ceip-fontfreda\/wp-json\/wp\/v2\/users\/53"}],"replies":[{"embeddable":true,"href":"https:\/\/agora.xtec.cat\/ceip-fontfreda\/wp-json\/wp\/v2\/comments?post=10609"}],"version-history":[{"count":1,"href":"https:\/\/agora.xtec.cat\/ceip-fontfreda\/wp-json\/wp\/v2\/posts\/10609\/revisions"}],"predecessor-version":[{"id":10612,"href":"https:\/\/agora.xtec.cat\/ceip-fontfreda\/wp-json\/wp\/v2\/posts\/10609\/revisions\/10612"}],"wp:attachment":[{"href":"https:\/\/agora.xtec.cat\/ceip-fontfreda\/wp-json\/wp\/v2\/media?parent=10609"}],"wp:term":[{"taxonomy":"category","embeddable":true,"href":"https:\/\/agora.xtec.cat\/ceip-fontfreda\/wp-json\/wp\/v2\/categories?post=10609"},{"taxonomy":"post_tag","embeddable":true,"href":"https:\/\/agora.xtec.cat\/ceip-fontfreda\/wp-json\/wp\/v2\/tags?post=10609"}],"curies":[{"name":"wp","href":"https:\/\/api.w.org\/{rel}","templated":true}]}}