{"id":10571,"date":"2023-10-09T20:09:33","date_gmt":"2023-10-09T18:09:33","guid":{"rendered":"https:\/\/agora.xtec.cat\/ceip-fontfreda\/?p=10571"},"modified":"2023-10-09T20:11:23","modified_gmt":"2023-10-09T18:11:23","slug":"taller-darqueologia-2n-primaria","status":"publish","type":"post","link":"https:\/\/agora.xtec.cat\/ceip-fontfreda\/general\/taller-darqueologia-2n-primaria\/","title":{"rendered":"Taller d&#8217;arqueologia 2n prim\u00e0ria"},"content":{"rendered":"<p>El passat dimarts 3 d&#8217;octubre la classe dels Taurons vam anar a la Casa de la Vila a visitar una exposici\u00f3 d&#8217;arqueologia. All\u00e0 ens van ensenyar eines i troballes que s&#8217;han descobert a Montcada, al jaciment de les Maleses.<\/p>\n<p>Vam con\u00e8ixer com treballen els arque\u00f2legs i les arque\u00f2logues i vam poder gaudir d&#8217;un taller on hav\u00edem d&#8217;utilitzar eines com pinzells per descobrir \u00f3ssos, monedes i d&#8217;altres objectes tal i com fan els experts.<\/p>\n<p>Per acabar, ens van explicar com feien en el passat per dibuixar i explicar viv\u00e8ncies. Vam preparar pintura amb carb\u00f3 i aigua i vam fer un mural de pintura rupestre entre tots i totes nosaltres.<\/p>\n<p>Us deixem un recull de fotografies sobre aquesta activitat que esperem que us agradi.<\/p>\n<p><strong>Cliqueu el seg\u00fcent enlla\u00e7:\u00a0<\/strong><\/p>\n<p><a href=\"https:\/\/drive.google.com\/drive\/folders\/1Dzdoq2R5FGurS9ux3sE-FmGkwf9FWGek?usp=drive_link\" target=\"_blank\" rel=\"noopener\">https:\/\/drive.google.com\/drive\/folders\/1Dzdoq2R5FGurS9ux3sE-FmGkwf9FWGek?usp=drive_link<\/a><\/p>\n<p>&nbsp;<\/p>\n","protected":false},"excerpt":{"rendered":"<p>El passat dimarts 3 d&#8217;octubre la classe dels Taurons vam anar a la Casa de la Vila a visitar una exposici\u00f3 d&#8217;arqueologia. All\u00e0 ens van ensenyar eines i troballes que s&#8217;han descobert a Montcada, al jaciment de les Maleses.<br \/>\nVam con\u00e8ixer com treballen els arque\u00f2legs i&hellip;  <a href=\"https:\/\/agora.xtec.cat\/ceip-fontfreda\/general\/taller-darqueologia-2n-primaria\/\" title=\"Read Taller d&#8217;arqueologia 2n prim\u00e0ria\">Llegeix m\u00e9s\u00bb<\/a><\/p>\n","protected":false},"author":1,"featured_media":10573,"comment_status":"open","ping_status":"closed","sticky":false,"template":"","format":"standard","meta":{"_bbp_topic_count":0,"_bbp_reply_count":0,"_bbp_total_topic_count":0,"_bbp_total_reply_count":0,"_bbp_voice_count":0,"_bbp_anonymous_reply_count":0,"_bbp_topic_count_hidden":0,"_bbp_reply_count_hidden":0,"_bbp_forum_subforum_count":0,"footnotes":""},"categories":[11,1,4,5],"tags":[],"class_list":["post-10571","post","type-post","status-publish","format-standard","has-post-thumbnail","hentry","category-2n","category-general","category-portada","category-primaria"],"post_mailing_queue_ids":[],"_links":{"self":[{"href":"https:\/\/agora.xtec.cat\/ceip-fontfreda\/wp-json\/wp\/v2\/posts\/10571","targetHints":{"allow":["GET"]}}],"collection":[{"href":"https:\/\/agora.xtec.cat\/ceip-fontfreda\/wp-json\/wp\/v2\/posts"}],"about":[{"href":"https:\/\/agora.xtec.cat\/ceip-fontfreda\/wp-json\/wp\/v2\/types\/post"}],"author":[{"embeddable":true,"href":"https:\/\/agora.xtec.cat\/ceip-fontfreda\/wp-json\/wp\/v2\/users\/1"}],"replies":[{"embeddable":true,"href":"https:\/\/agora.xtec.cat\/ceip-fontfreda\/wp-json\/wp\/v2\/comments?post=10571"}],"version-history":[{"count":1,"href":"https:\/\/agora.xtec.cat\/ceip-fontfreda\/wp-json\/wp\/v2\/posts\/10571\/revisions"}],"predecessor-version":[{"id":10574,"href":"https:\/\/agora.xtec.cat\/ceip-fontfreda\/wp-json\/wp\/v2\/posts\/10571\/revisions\/10574"}],"wp:featuredmedia":[{"embeddable":true,"href":"https:\/\/agora.xtec.cat\/ceip-fontfreda\/wp-json\/wp\/v2\/media\/10573"}],"wp:attachment":[{"href":"https:\/\/agora.xtec.cat\/ceip-fontfreda\/wp-json\/wp\/v2\/media?parent=10571"}],"wp:term":[{"taxonomy":"category","embeddable":true,"href":"https:\/\/agora.xtec.cat\/ceip-fontfreda\/wp-json\/wp\/v2\/categories?post=10571"},{"taxonomy":"post_tag","embeddable":true,"href":"https:\/\/agora.xtec.cat\/ceip-fontfreda\/wp-json\/wp\/v2\/tags?post=10571"}],"curies":[{"name":"wp","href":"https:\/\/api.w.org\/{rel}","templated":true}]}}