{"id":10250,"date":"2023-06-01T19:19:55","date_gmt":"2023-06-01T17:19:55","guid":{"rendered":"https:\/\/agora.xtec.cat\/ceip-fontfreda\/?p=10250"},"modified":"2023-06-07T17:56:13","modified_gmt":"2023-06-07T15:56:13","slug":"mares-als-racons-d-educacio-infantil","status":"publish","type":"post","link":"https:\/\/agora.xtec.cat\/ceip-fontfreda\/infantil\/mares-als-racons-d-educacio-infantil\/","title":{"rendered":"MARES ALS RACONS D&#8217; EDUCACI\u00d3 INFANTIL"},"content":{"rendered":"<p>Aquesta setmana hem finalitzat els racons d&#8217; Educaci\u00f3 Infantil . Durant tot el curs hem comptat amb la col\u00b7laboraci\u00f3 d&#8217; algunes mares en el rac\u00f3 de fam\u00edlies.\u00a0 Han col\u00b7laborat fent jocs tradicionals , maquillatge i disfresses i aquest \u00faltim trimestre jocs al pati. Volem agrair la seva ajuda i implicaci\u00f3.\u00a0 Us esperem el proper curs !! Moltes gr\u00e0cies \ud83d\udc9a<\/p>\n<p style=\"text-align: right;\"><a href=\"https:\/\/agora.xtec.cat\/ceip-fontfreda\/wp-content\/uploads\/usu813\/2023\/06\/IMG-20230530-WA0013.jpg\"><img loading=\"lazy\" decoding=\"async\" class=\"alignnone size-large wp-image-10246\" src=\"https:\/\/agora.xtec.cat\/ceip-fontfreda\/wp-content\/uploads\/usu813\/2023\/06\/IMG-20230530-WA0013-989x1024.jpg\" alt=\"\" width=\"989\" height=\"1024\" srcset=\"https:\/\/agora.xtec.cat\/ceip-fontfreda\/wp-content\/uploads\/usu813\/2023\/06\/IMG-20230530-WA0013-989x1024.jpg 989w, https:\/\/agora.xtec.cat\/ceip-fontfreda\/wp-content\/uploads\/usu813\/2023\/06\/IMG-20230530-WA0013-290x300.jpg 290w, https:\/\/agora.xtec.cat\/ceip-fontfreda\/wp-content\/uploads\/usu813\/2023\/06\/IMG-20230530-WA0013-768x795.jpg 768w, https:\/\/agora.xtec.cat\/ceip-fontfreda\/wp-content\/uploads\/usu813\/2023\/06\/IMG-20230530-WA0013.jpg 1441w\" sizes=\"auto, (max-width: 989px) 100vw, 989px\" \/><\/a><a href=\"https:\/\/agora.xtec.cat\/ceip-fontfreda\/wp-content\/uploads\/usu813\/2023\/06\/20230531_164203-1.png\"><img loading=\"lazy\" decoding=\"async\" class=\"alignnone size-full wp-image-10245\" src=\"https:\/\/agora.xtec.cat\/ceip-fontfreda\/wp-content\/uploads\/usu813\/2023\/06\/20230531_164203-1.png\" alt=\"\" width=\"504\" height=\"549\" srcset=\"https:\/\/agora.xtec.cat\/ceip-fontfreda\/wp-content\/uploads\/usu813\/2023\/06\/20230531_164203-1.png 504w, https:\/\/agora.xtec.cat\/ceip-fontfreda\/wp-content\/uploads\/usu813\/2023\/06\/20230531_164203-1-275x300.png 275w\" sizes=\"auto, (max-width: 504px) 100vw, 504px\" \/><\/a><\/p>\n","protected":false},"excerpt":{"rendered":"<p>Aquesta setmana hem finalitzat els racons d&#8217; Educaci\u00f3 Infantil . Durant tot el curs hem comptat amb la col\u00b7laboraci\u00f3 d&#8217; algunes mares en el rac\u00f3 de fam\u00edlies.\u00a0 Han col\u00b7laborat fent jocs tradicionals , maquillatge i disfresses i aquest \u00faltim trimestre jocs al pati. Volem agrair&hellip;  <a href=\"https:\/\/agora.xtec.cat\/ceip-fontfreda\/infantil\/mares-als-racons-d-educacio-infantil\/\" title=\"Read MARES ALS RACONS D&#8217; EDUCACI\u00d3 INFANTIL\">Llegeix m\u00e9s\u00bb<\/a><\/p>\n","protected":false},"author":17,"featured_media":10302,"comment_status":"open","ping_status":"closed","sticky":false,"template":"","format":"standard","meta":{"_bbp_topic_count":0,"_bbp_reply_count":0,"_bbp_total_topic_count":0,"_bbp_total_reply_count":0,"_bbp_voice_count":0,"_bbp_anonymous_reply_count":0,"_bbp_topic_count_hidden":0,"_bbp_reply_count_hidden":0,"_bbp_forum_subforum_count":0,"footnotes":""},"categories":[3,8,9,2,4],"tags":[],"class_list":["post-10250","post","type-post","status-publish","format-standard","has-post-thumbnail","hentry","category-i3","category-i4","category-i5","category-infantil","category-portada"],"post_mailing_queue_ids":[],"_links":{"self":[{"href":"https:\/\/agora.xtec.cat\/ceip-fontfreda\/wp-json\/wp\/v2\/posts\/10250","targetHints":{"allow":["GET"]}}],"collection":[{"href":"https:\/\/agora.xtec.cat\/ceip-fontfreda\/wp-json\/wp\/v2\/posts"}],"about":[{"href":"https:\/\/agora.xtec.cat\/ceip-fontfreda\/wp-json\/wp\/v2\/types\/post"}],"author":[{"embeddable":true,"href":"https:\/\/agora.xtec.cat\/ceip-fontfreda\/wp-json\/wp\/v2\/users\/17"}],"replies":[{"embeddable":true,"href":"https:\/\/agora.xtec.cat\/ceip-fontfreda\/wp-json\/wp\/v2\/comments?post=10250"}],"version-history":[{"count":2,"href":"https:\/\/agora.xtec.cat\/ceip-fontfreda\/wp-json\/wp\/v2\/posts\/10250\/revisions"}],"predecessor-version":[{"id":10303,"href":"https:\/\/agora.xtec.cat\/ceip-fontfreda\/wp-json\/wp\/v2\/posts\/10250\/revisions\/10303"}],"wp:featuredmedia":[{"embeddable":true,"href":"https:\/\/agora.xtec.cat\/ceip-fontfreda\/wp-json\/wp\/v2\/media\/10302"}],"wp:attachment":[{"href":"https:\/\/agora.xtec.cat\/ceip-fontfreda\/wp-json\/wp\/v2\/media?parent=10250"}],"wp:term":[{"taxonomy":"category","embeddable":true,"href":"https:\/\/agora.xtec.cat\/ceip-fontfreda\/wp-json\/wp\/v2\/categories?post=10250"},{"taxonomy":"post_tag","embeddable":true,"href":"https:\/\/agora.xtec.cat\/ceip-fontfreda\/wp-json\/wp\/v2\/tags?post=10250"}],"curies":[{"name":"wp","href":"https:\/\/api.w.org\/{rel}","templated":true}]}}