{"id":10201,"date":"2023-05-18T23:18:19","date_gmt":"2023-05-18T21:18:19","guid":{"rendered":"https:\/\/agora.xtec.cat\/ceip-fontfreda\/?p=10201"},"modified":"2023-05-18T23:19:23","modified_gmt":"2023-05-18T21:19:23","slug":"serveis-comunitaris-a-lescola-lectura-assistida","status":"publish","type":"post","link":"https:\/\/agora.xtec.cat\/ceip-fontfreda\/general\/serveis-comunitaris-a-lescola-lectura-assistida\/","title":{"rendered":"SERVEIS COMUNITARIS A L&#8217;ESCOLA: LECTURA ASSISTIDA"},"content":{"rendered":"<p>El dimarts es va celebrar una fira amb la mostra dels serveis comunitaris que han fet aquest curs l&#8217;alumnat dels instituts de Montcada. L&#8217;escola Font Freda participa oferint el servei de lectura assisitida a l&#8217;escola. L&#8217;alumnat de l&#8217;insitut Montserrat Mir\u00f3 venen a l&#8217;escola a fomentar la lectura amb l&#8217;alumant de primer i segon. El servei comunitari de secund\u00e0ria \u00e9s una acci\u00f3 obligat\u00f2ria que pret\u00e9n que l&#8217;alumnat experimenti i protagonitzi accions de comprom\u00eds c\u00edvic, aprengui en l&#8217;exercici actiu de la ciutadania i posi en joc els seus coneixements i capacitats al servei de la comunitat.<\/p>\n<p><img loading=\"lazy\" decoding=\"async\" class=\"aligncenter wp-image-10204 size-medium\" src=\"https:\/\/agora.xtec.cat\/ceip-fontfreda\/wp-content\/uploads\/usu813\/2023\/05\/IMG-1536-2-scaled-e1684444651790-300x202.jpg\" alt=\"\" width=\"300\" height=\"202\" srcset=\"https:\/\/agora.xtec.cat\/ceip-fontfreda\/wp-content\/uploads\/usu813\/2023\/05\/IMG-1536-2-scaled-e1684444651790-300x202.jpg 300w, https:\/\/agora.xtec.cat\/ceip-fontfreda\/wp-content\/uploads\/usu813\/2023\/05\/IMG-1536-2-scaled-e1684444651790-1024x690.jpg 1024w, https:\/\/agora.xtec.cat\/ceip-fontfreda\/wp-content\/uploads\/usu813\/2023\/05\/IMG-1536-2-scaled-e1684444651790-768x517.jpg 768w, https:\/\/agora.xtec.cat\/ceip-fontfreda\/wp-content\/uploads\/usu813\/2023\/05\/IMG-1536-2-scaled-e1684444651790.jpg 1491w\" sizes=\"auto, (max-width: 300px) 100vw, 300px\" \/><\/p>\n<p><img loading=\"lazy\" decoding=\"async\" class=\"aligncenter wp-image-10202 size-large\" src=\"https:\/\/agora.xtec.cat\/ceip-fontfreda\/wp-content\/uploads\/usu813\/2023\/05\/IMG-1537-scaled-e1684444558242-768x1024.jpg\" alt=\"\" width=\"768\" height=\"1024\" srcset=\"https:\/\/agora.xtec.cat\/ceip-fontfreda\/wp-content\/uploads\/usu813\/2023\/05\/IMG-1537-scaled-e1684444558242-768x1024.jpg 768w, https:\/\/agora.xtec.cat\/ceip-fontfreda\/wp-content\/uploads\/usu813\/2023\/05\/IMG-1537-scaled-e1684444558242-225x300.jpg 225w, https:\/\/agora.xtec.cat\/ceip-fontfreda\/wp-content\/uploads\/usu813\/2023\/05\/IMG-1537-scaled-e1684444558242-1152x1536.jpg 1152w, https:\/\/agora.xtec.cat\/ceip-fontfreda\/wp-content\/uploads\/usu813\/2023\/05\/IMG-1537-scaled-e1684444558242-1536x2048.jpg 1536w, https:\/\/agora.xtec.cat\/ceip-fontfreda\/wp-content\/uploads\/usu813\/2023\/05\/IMG-1537-scaled-e1684444558242.jpg 1920w\" sizes=\"auto, (max-width: 768px) 100vw, 768px\" \/><\/p>\n<p>&nbsp;<\/p>\n","protected":false},"excerpt":{"rendered":"<p>El dimarts es va celebrar una fira amb la mostra dels serveis comunitaris que han fet aquest curs l&#8217;alumnat dels instituts de Montcada. L&#8217;escola Font Freda participa oferint el servei de lectura assisitida a l&#8217;escola. L&#8217;alumnat de l&#8217;insitut Montserrat Mir\u00f3 venen a l&#8217;escola a fomentar&hellip;  <a href=\"https:\/\/agora.xtec.cat\/ceip-fontfreda\/general\/serveis-comunitaris-a-lescola-lectura-assistida\/\" title=\"Read SERVEIS COMUNITARIS A L&#8217;ESCOLA: LECTURA ASSISTIDA\">Llegeix m\u00e9s\u00bb<\/a><\/p>\n","protected":false},"author":13,"featured_media":10204,"comment_status":"open","ping_status":"closed","sticky":false,"template":"","format":"standard","meta":{"_bbp_topic_count":0,"_bbp_reply_count":0,"_bbp_total_topic_count":0,"_bbp_total_reply_count":0,"_bbp_voice_count":0,"_bbp_anonymous_reply_count":0,"_bbp_topic_count_hidden":0,"_bbp_reply_count_hidden":0,"_bbp_forum_subforum_count":0,"footnotes":""},"categories":[10,11,1,4],"tags":[],"class_list":["post-10201","post","type-post","status-publish","format-standard","has-post-thumbnail","hentry","category-1r","category-2n","category-general","category-portada"],"post_mailing_queue_ids":[],"_links":{"self":[{"href":"https:\/\/agora.xtec.cat\/ceip-fontfreda\/wp-json\/wp\/v2\/posts\/10201","targetHints":{"allow":["GET"]}}],"collection":[{"href":"https:\/\/agora.xtec.cat\/ceip-fontfreda\/wp-json\/wp\/v2\/posts"}],"about":[{"href":"https:\/\/agora.xtec.cat\/ceip-fontfreda\/wp-json\/wp\/v2\/types\/post"}],"author":[{"embeddable":true,"href":"https:\/\/agora.xtec.cat\/ceip-fontfreda\/wp-json\/wp\/v2\/users\/13"}],"replies":[{"embeddable":true,"href":"https:\/\/agora.xtec.cat\/ceip-fontfreda\/wp-json\/wp\/v2\/comments?post=10201"}],"version-history":[{"count":1,"href":"https:\/\/agora.xtec.cat\/ceip-fontfreda\/wp-json\/wp\/v2\/posts\/10201\/revisions"}],"predecessor-version":[{"id":10205,"href":"https:\/\/agora.xtec.cat\/ceip-fontfreda\/wp-json\/wp\/v2\/posts\/10201\/revisions\/10205"}],"wp:featuredmedia":[{"embeddable":true,"href":"https:\/\/agora.xtec.cat\/ceip-fontfreda\/wp-json\/wp\/v2\/media\/10204"}],"wp:attachment":[{"href":"https:\/\/agora.xtec.cat\/ceip-fontfreda\/wp-json\/wp\/v2\/media?parent=10201"}],"wp:term":[{"taxonomy":"category","embeddable":true,"href":"https:\/\/agora.xtec.cat\/ceip-fontfreda\/wp-json\/wp\/v2\/categories?post=10201"},{"taxonomy":"post_tag","embeddable":true,"href":"https:\/\/agora.xtec.cat\/ceip-fontfreda\/wp-json\/wp\/v2\/tags?post=10201"}],"curies":[{"name":"wp","href":"https:\/\/api.w.org\/{rel}","templated":true}]}}