{"id":77,"count":13,"description":"Hola!\r\n\r\nS\u00f3c la Tamara, la tutora de l'espai diversitat. Aquest curs estar\u00e8 acompanyada pel Sergi, mestra d'educaci\u00f3 especial i el Fran Mateo com a suport de diversitat\r\n\r\nEstem segurs que durant el curs ens hi mullarem!","link":"https:\/\/agora.xtec.cat\/ceip-fontfreda\/categoria\/atencio-a-la-diversitat\/","name":"Atenci\u00f3 a la diversitat","slug":"atencio-a-la-diversitat","taxonomy":"category","parent":0,"meta":[],"_links":{"self":[{"href":"https:\/\/agora.xtec.cat\/ceip-fontfreda\/wp-json\/wp\/v2\/categories\/77","targetHints":{"allow":["GET"]}}],"collection":[{"href":"https:\/\/agora.xtec.cat\/ceip-fontfreda\/wp-json\/wp\/v2\/categories"}],"about":[{"href":"https:\/\/agora.xtec.cat\/ceip-fontfreda\/wp-json\/wp\/v2\/taxonomies\/category"}],"wp:post_type":[{"href":"https:\/\/agora.xtec.cat\/ceip-fontfreda\/wp-json\/wp\/v2\/posts?categories=77"}],"curies":[{"name":"wp","href":"https:\/\/api.w.org\/{rel}","templated":true}]}}