{"id":14,"count":146,"description":"<p style=\"text-align: justify;\">Hola! S\u00f3c l'Alicia, la tutora de<span style=\"font-family: inherit; font-size: 1em;\"> 5\u00e8! En aquesta p\u00e0gina podreu veure tot all\u00f2 relacionat amb les diferents activitats que fem durant el curs!<\/span><\/p>","link":"https:\/\/agora.xtec.cat\/ceip-fontfreda\/categoria\/primaria\/5e\/","name":"5\u00e8","slug":"5e","taxonomy":"category","parent":5,"meta":[],"_links":{"self":[{"href":"https:\/\/agora.xtec.cat\/ceip-fontfreda\/wp-json\/wp\/v2\/categories\/14","targetHints":{"allow":["GET"]}}],"collection":[{"href":"https:\/\/agora.xtec.cat\/ceip-fontfreda\/wp-json\/wp\/v2\/categories"}],"about":[{"href":"https:\/\/agora.xtec.cat\/ceip-fontfreda\/wp-json\/wp\/v2\/taxonomies\/category"}],"up":[{"embeddable":true,"href":"https:\/\/agora.xtec.cat\/ceip-fontfreda\/wp-json\/wp\/v2\/categories\/5"}],"wp:post_type":[{"href":"https:\/\/agora.xtec.cat\/ceip-fontfreda\/wp-json\/wp\/v2\/posts?categories=14"}],"curies":[{"name":"wp","href":"https:\/\/api.w.org\/{rel}","templated":true}]}}