{"id":11,"count":245,"description":"Hola! S\u00f3c l'Ana, les tutora de 2n. En aquesta p\u00e0gina podreu veure tot all\u00f2 relacionat amb les diferents activitats que fem durant el curs!","link":"https:\/\/agora.xtec.cat\/ceip-fontfreda\/categoria\/primaria\/2n\/","name":"2n","slug":"2n","taxonomy":"category","parent":5,"meta":[],"_links":{"self":[{"href":"https:\/\/agora.xtec.cat\/ceip-fontfreda\/wp-json\/wp\/v2\/categories\/11","targetHints":{"allow":["GET"]}}],"collection":[{"href":"https:\/\/agora.xtec.cat\/ceip-fontfreda\/wp-json\/wp\/v2\/categories"}],"about":[{"href":"https:\/\/agora.xtec.cat\/ceip-fontfreda\/wp-json\/wp\/v2\/taxonomies\/category"}],"up":[{"embeddable":true,"href":"https:\/\/agora.xtec.cat\/ceip-fontfreda\/wp-json\/wp\/v2\/categories\/5"}],"wp:post_type":[{"href":"https:\/\/agora.xtec.cat\/ceip-fontfreda\/wp-json\/wp\/v2\/posts?categories=11"}],"curies":[{"name":"wp","href":"https:\/\/api.w.org\/{rel}","templated":true}]}}