{"id":8831,"date":"2023-11-09T14:07:52","date_gmt":"2023-11-09T13:07:52","guid":{"rendered":"https:\/\/agora.xtec.cat\/ceip-ferra\/?p=8831"},"modified":"2023-11-09T14:07:52","modified_gmt":"2023-11-09T13:07:52","slug":"el-sol-gira-la-terra-gira","status":"publish","type":"post","link":"https:\/\/agora.xtec.cat\/ceip-ferra\/primaria\/3r\/el-sol-gira-la-terra-gira\/","title":{"rendered":"EL SOL GIRA? LA TERRA GIRA?"},"content":{"rendered":"<p>El Sol gira? La Terra gira? Juguem amb les ombres al pati.<\/p>\n<div dir=\"auto\">Avui els nens i nenes de 3r A hem dibuixat les nostres ombres al pati a primera hora del mat\u00ed. Despr\u00e9s a la tarda hem comprovat que l&#8217;ombra s&#8217;havia mogut cap a la dreta.<\/div>\n<div dir=\"auto\">Aix\u00ed doncs, acabem el tema de Medi Social sobre el Sol, la Terra i la Lluna.<\/div>\n<div dir=\"auto\"><\/div>\n<div dir=\"auto\"><a href=\"https:\/\/agora.xtec.cat\/ceip-ferra\/wp-content\/uploads\/usu925\/2023\/11\/1699535002195.jpg\"><img loading=\"lazy\" decoding=\"async\" class=\"alignnone size-large wp-image-8833\" src=\"https:\/\/agora.xtec.cat\/ceip-ferra\/wp-content\/uploads\/usu925\/2023\/11\/1699535002195-1024x1024.jpg\" alt=\"\" width=\"1024\" height=\"1024\" srcset=\"https:\/\/agora.xtec.cat\/ceip-ferra\/wp-content\/uploads\/usu925\/2023\/11\/1699535002195-1024x1024.jpg 1024w, https:\/\/agora.xtec.cat\/ceip-ferra\/wp-content\/uploads\/usu925\/2023\/11\/1699535002195-300x300.jpg 300w, https:\/\/agora.xtec.cat\/ceip-ferra\/wp-content\/uploads\/usu925\/2023\/11\/1699535002195-150x150.jpg 150w, https:\/\/agora.xtec.cat\/ceip-ferra\/wp-content\/uploads\/usu925\/2023\/11\/1699535002195-768x768.jpg 768w, https:\/\/agora.xtec.cat\/ceip-ferra\/wp-content\/uploads\/usu925\/2023\/11\/1699535002195-1536x1536.jpg 1536w, https:\/\/agora.xtec.cat\/ceip-ferra\/wp-content\/uploads\/usu925\/2023\/11\/1699535002195.jpg 1564w\" sizes=\"auto, (max-width: 1024px) 100vw, 1024px\" \/><\/a><\/div>\n<div dir=\"auto\"><a href=\"https:\/\/agora.xtec.cat\/ceip-ferra\/wp-content\/uploads\/usu925\/2023\/11\/1699535002206.jpg\"><img loading=\"lazy\" decoding=\"async\" class=\"alignnone size-large wp-image-8832\" src=\"https:\/\/agora.xtec.cat\/ceip-ferra\/wp-content\/uploads\/usu925\/2023\/11\/1699535002206-1024x1024.jpg\" alt=\"\" width=\"1024\" height=\"1024\" srcset=\"https:\/\/agora.xtec.cat\/ceip-ferra\/wp-content\/uploads\/usu925\/2023\/11\/1699535002206-1024x1024.jpg 1024w, https:\/\/agora.xtec.cat\/ceip-ferra\/wp-content\/uploads\/usu925\/2023\/11\/1699535002206-300x300.jpg 300w, https:\/\/agora.xtec.cat\/ceip-ferra\/wp-content\/uploads\/usu925\/2023\/11\/1699535002206-150x150.jpg 150w, https:\/\/agora.xtec.cat\/ceip-ferra\/wp-content\/uploads\/usu925\/2023\/11\/1699535002206-768x768.jpg 768w, https:\/\/agora.xtec.cat\/ceip-ferra\/wp-content\/uploads\/usu925\/2023\/11\/1699535002206-1536x1536.jpg 1536w, https:\/\/agora.xtec.cat\/ceip-ferra\/wp-content\/uploads\/usu925\/2023\/11\/1699535002206.jpg 1564w\" sizes=\"auto, (max-width: 1024px) 100vw, 1024px\" \/><\/a><\/div>\n","protected":false},"excerpt":{"rendered":"<p>El Sol gira? La Terra gira? Juguem amb les ombres al pati. Avui els nens i nenes de 3r A hem dibuixat les nostres ombres al pati a primera hora del mat\u00ed. Despr\u00e9s a la tarda hem comprovat que l&#8217;ombra s&#8217;havia mogut cap a la dreta. Aix\u00ed doncs, acabem el tema de Medi Social sobre [&hellip;]<\/p>\n","protected":false},"author":19,"featured_media":8832,"comment_status":"open","ping_status":"closed","sticky":false,"template":"","format":"standard","meta":{"_bbp_topic_count":0,"_bbp_reply_count":0,"_bbp_total_topic_count":0,"_bbp_total_reply_count":0,"_bbp_voice_count":0,"_bbp_anonymous_reply_count":0,"_bbp_topic_count_hidden":0,"_bbp_reply_count_hidden":0,"_bbp_forum_subforum_count":0,"site-sidebar-layout":"default","site-content-layout":"","ast-site-content-layout":"","site-content-style":"default","site-sidebar-style":"default","ast-global-header-display":"","ast-banner-title-visibility":"","ast-main-header-display":"","ast-hfb-above-header-display":"","ast-hfb-below-header-display":"","ast-hfb-mobile-header-display":"","site-post-title":"","ast-breadcrumbs-content":"","ast-featured-img":"","footer-sml-layout":"","theme-transparent-header-meta":"","adv-header-id-meta":"","stick-header-meta":"","header-above-stick-meta":"","header-main-stick-meta":"","header-below-stick-meta":"","astra-migrate-meta-layouts":"default","ast-page-background-enabled":"default","ast-page-background-meta":{"desktop":{"background-color":"var(--ast-global-color-4)","background-image":"","background-repeat":"repeat","background-position":"center center","background-size":"auto","background-attachment":"scroll","background-type":"","background-media":"","overlay-type":"","overlay-color":"","overlay-opacity":"","overlay-gradient":""},"tablet":{"background-color":"","background-image":"","background-repeat":"repeat","background-position":"center center","background-size":"auto","background-attachment":"scroll","background-type":"","background-media":"","overlay-type":"","overlay-color":"","overlay-opacity":"","overlay-gradient":""},"mobile":{"background-color":"","background-image":"","background-repeat":"repeat","background-position":"center center","background-size":"auto","background-attachment":"scroll","background-type":"","background-media":"","overlay-type":"","overlay-color":"","overlay-opacity":"","overlay-gradient":""}},"ast-content-background-meta":{"desktop":{"background-color":"var(--ast-global-color-5)","background-image":"","background-repeat":"repeat","background-position":"center center","background-size":"auto","background-attachment":"scroll","background-type":"","background-media":"","overlay-type":"","overlay-color":"","overlay-opacity":"","overlay-gradient":""},"tablet":{"background-color":"var(--ast-global-color-5)","background-image":"","background-repeat":"repeat","background-position":"center center","background-size":"auto","background-attachment":"scroll","background-type":"","background-media":"","overlay-type":"","overlay-color":"","overlay-opacity":"","overlay-gradient":""},"mobile":{"background-color":"var(--ast-global-color-5)","background-image":"","background-repeat":"repeat","background-position":"center center","background-size":"auto","background-attachment":"scroll","background-type":"","background-media":"","overlay-type":"","overlay-color":"","overlay-opacity":"","overlay-gradient":""}},"footnotes":""},"categories":[12,13,48],"tags":[],"class_list":["post-8831","post","type-post","status-publish","format-standard","has-post-thumbnail","hentry","category-3r","category-4t","category-cicle-mitja"],"post_mailing_queue_ids":[],"_links":{"self":[{"href":"https:\/\/agora.xtec.cat\/ceip-ferra\/wp-json\/wp\/v2\/posts\/8831","targetHints":{"allow":["GET"]}}],"collection":[{"href":"https:\/\/agora.xtec.cat\/ceip-ferra\/wp-json\/wp\/v2\/posts"}],"about":[{"href":"https:\/\/agora.xtec.cat\/ceip-ferra\/wp-json\/wp\/v2\/types\/post"}],"author":[{"embeddable":true,"href":"https:\/\/agora.xtec.cat\/ceip-ferra\/wp-json\/wp\/v2\/users\/19"}],"replies":[{"embeddable":true,"href":"https:\/\/agora.xtec.cat\/ceip-ferra\/wp-json\/wp\/v2\/comments?post=8831"}],"version-history":[{"count":1,"href":"https:\/\/agora.xtec.cat\/ceip-ferra\/wp-json\/wp\/v2\/posts\/8831\/revisions"}],"predecessor-version":[{"id":8834,"href":"https:\/\/agora.xtec.cat\/ceip-ferra\/wp-json\/wp\/v2\/posts\/8831\/revisions\/8834"}],"wp:featuredmedia":[{"embeddable":true,"href":"https:\/\/agora.xtec.cat\/ceip-ferra\/wp-json\/wp\/v2\/media\/8832"}],"wp:attachment":[{"href":"https:\/\/agora.xtec.cat\/ceip-ferra\/wp-json\/wp\/v2\/media?parent=8831"}],"wp:term":[{"taxonomy":"category","embeddable":true,"href":"https:\/\/agora.xtec.cat\/ceip-ferra\/wp-json\/wp\/v2\/categories?post=8831"},{"taxonomy":"post_tag","embeddable":true,"href":"https:\/\/agora.xtec.cat\/ceip-ferra\/wp-json\/wp\/v2\/tags?post=8831"}],"curies":[{"name":"wp","href":"https:\/\/api.w.org\/{rel}","templated":true}]}}