{"id":7276,"date":"2022-02-02T17:29:02","date_gmt":"2022-02-02T16:29:02","guid":{"rendered":"https:\/\/agora.xtec.cat\/ceip-ferra\/?p=7276"},"modified":"2022-02-02T17:30:29","modified_gmt":"2022-02-02T16:30:29","slug":"innovamat-una-manera-de-treballar-les-matematiques","status":"publish","type":"post","link":"https:\/\/agora.xtec.cat\/ceip-ferra\/general\/innovamat-una-manera-de-treballar-les-matematiques\/","title":{"rendered":"Innovamat!&#8230; Una manera de treballar les matem\u00e0tiques"},"content":{"rendered":"<p>Aquest curs els nens i nenes que fem primer hem comen\u00e7at a treballar a l&#8217;\u00e0rea de mates amb la metodologia d&#8217;innovamat, tal i com fan els nostres companys de segon.<br \/>\nAprenem a con\u00e8ixer, comptar, descomposar, formar xifres&#8230; De forma manipulativa i tamb\u00e9 amb suport digital.<br \/>\nAnem incorporant estrat\u00e8gies i diferents formes de resoldre situacions matem\u00e0tiques, l&#8217;important \u00e9s el proc\u00e9s, veure que podem arribar a la mateixa soluci\u00f3 per diferents camins.<br \/>\nDediquem una sessi\u00f3 setmanal a treballar mitjan\u00e7ant l&#8217;aplicaci\u00f3 innovamat a les tablets, d&#8217;aquesta manera repassem, ampliem i enfortim els aprenentatges que fem durant la setmana i tamb\u00e9 practiquem altres aspectes de les diferents dimensions com ara la geometria, situaci\u00f3 en l&#8217;espai, resoluci\u00f3 de problemes&#8230; Ens ho passem d&#8217;all\u00f2 m\u00e9s b\u00e9.<br \/>\nEls pares segur que\u00a0 tamb\u00e9 ens podeu ajudar!\u00a0 Aquest v\u00eddeo ser\u00e0 molt \u00fatil i donar\u00e0 idees per poder con\u00e8ixer m\u00e9s a fons el nostre treball matem\u00e0tic. Com ja veureu va especialment adre\u00e7at a vosaltres, els pares, i \u00e9s el recull d&#8217;una videoconfer\u00e8ncia que es va fer per a donar a con\u00e8ixer aquest projecte.<\/p>\n<p>Raquel i Mahue<\/p>\n<p><iframe loading=\"lazy\" src=\"\/\/www.youtube.com\/embed\/LHgl8J_-O1I\" width=\"560\" height=\"314\"><\/iframe><\/p>\n","protected":false},"excerpt":{"rendered":"<p>Aquest curs els nens i nenes que fem primer hem comen\u00e7at a treballar a l&#8217;\u00e0rea de mates amb la metodologia d&#8217;innovamat, tal i com fan els nostres companys de segon. Aprenem a con\u00e8ixer, comptar, descomposar, formar xifres&#8230; De forma manipulativa i tamb\u00e9 amb suport digital. Anem incorporant estrat\u00e8gies i diferents formes de resoldre situacions matem\u00e0tiques, [&hellip;]<\/p>\n","protected":false},"author":28,"featured_media":7278,"comment_status":"closed","ping_status":"closed","sticky":false,"template":"","format":"standard","meta":{"_bbp_topic_count":0,"_bbp_reply_count":0,"_bbp_total_topic_count":0,"_bbp_total_reply_count":0,"_bbp_voice_count":0,"_bbp_anonymous_reply_count":0,"_bbp_topic_count_hidden":0,"_bbp_reply_count_hidden":0,"_bbp_forum_subforum_count":0,"site-sidebar-layout":"default","site-content-layout":"","ast-site-content-layout":"","site-content-style":"default","site-sidebar-style":"default","ast-global-header-display":"","ast-banner-title-visibility":"","ast-main-header-display":"","ast-hfb-above-header-display":"","ast-hfb-below-header-display":"","ast-hfb-mobile-header-display":"","site-post-title":"","ast-breadcrumbs-content":"","ast-featured-img":"","footer-sml-layout":"","theme-transparent-header-meta":"","adv-header-id-meta":"","stick-header-meta":"","header-above-stick-meta":"","header-main-stick-meta":"","header-below-stick-meta":"","astra-migrate-meta-layouts":"default","ast-page-background-enabled":"default","ast-page-background-meta":{"desktop":{"background-color":"var(--ast-global-color-4)","background-image":"","background-repeat":"repeat","background-position":"center center","background-size":"auto","background-attachment":"scroll","background-type":"","background-media":"","overlay-type":"","overlay-color":"","overlay-opacity":"","overlay-gradient":""},"tablet":{"background-color":"","background-image":"","background-repeat":"repeat","background-position":"center center","background-size":"auto","background-attachment":"scroll","background-type":"","background-media":"","overlay-type":"","overlay-color":"","overlay-opacity":"","overlay-gradient":""},"mobile":{"background-color":"","background-image":"","background-repeat":"repeat","background-position":"center center","background-size":"auto","background-attachment":"scroll","background-type":"","background-media":"","overlay-type":"","overlay-color":"","overlay-opacity":"","overlay-gradient":""}},"ast-content-background-meta":{"desktop":{"background-color":"var(--ast-global-color-5)","background-image":"","background-repeat":"repeat","background-position":"center center","background-size":"auto","background-attachment":"scroll","background-type":"","background-media":"","overlay-type":"","overlay-color":"","overlay-opacity":"","overlay-gradient":""},"tablet":{"background-color":"var(--ast-global-color-5)","background-image":"","background-repeat":"repeat","background-position":"center center","background-size":"auto","background-attachment":"scroll","background-type":"","background-media":"","overlay-type":"","overlay-color":"","overlay-opacity":"","overlay-gradient":""},"mobile":{"background-color":"var(--ast-global-color-5)","background-image":"","background-repeat":"repeat","background-position":"center center","background-size":"auto","background-attachment":"scroll","background-type":"","background-media":"","overlay-type":"","overlay-color":"","overlay-opacity":"","overlay-gradient":""}},"footnotes":""},"categories":[10,11,50,47,7,1,4],"tags":[],"class_list":["post-7276","post","type-post","status-publish","format-standard","has-post-thumbnail","hentry","category-1r","category-2n","category-blocs","category-cicle-inicial","category-families","category-general","category-portada"],"post_mailing_queue_ids":[],"_links":{"self":[{"href":"https:\/\/agora.xtec.cat\/ceip-ferra\/wp-json\/wp\/v2\/posts\/7276","targetHints":{"allow":["GET"]}}],"collection":[{"href":"https:\/\/agora.xtec.cat\/ceip-ferra\/wp-json\/wp\/v2\/posts"}],"about":[{"href":"https:\/\/agora.xtec.cat\/ceip-ferra\/wp-json\/wp\/v2\/types\/post"}],"author":[{"embeddable":true,"href":"https:\/\/agora.xtec.cat\/ceip-ferra\/wp-json\/wp\/v2\/users\/28"}],"replies":[{"embeddable":true,"href":"https:\/\/agora.xtec.cat\/ceip-ferra\/wp-json\/wp\/v2\/comments?post=7276"}],"version-history":[{"count":3,"href":"https:\/\/agora.xtec.cat\/ceip-ferra\/wp-json\/wp\/v2\/posts\/7276\/revisions"}],"predecessor-version":[{"id":7281,"href":"https:\/\/agora.xtec.cat\/ceip-ferra\/wp-json\/wp\/v2\/posts\/7276\/revisions\/7281"}],"wp:featuredmedia":[{"embeddable":true,"href":"https:\/\/agora.xtec.cat\/ceip-ferra\/wp-json\/wp\/v2\/media\/7278"}],"wp:attachment":[{"href":"https:\/\/agora.xtec.cat\/ceip-ferra\/wp-json\/wp\/v2\/media?parent=7276"}],"wp:term":[{"taxonomy":"category","embeddable":true,"href":"https:\/\/agora.xtec.cat\/ceip-ferra\/wp-json\/wp\/v2\/categories?post=7276"},{"taxonomy":"post_tag","embeddable":true,"href":"https:\/\/agora.xtec.cat\/ceip-ferra\/wp-json\/wp\/v2\/tags?post=7276"}],"curies":[{"name":"wp","href":"https:\/\/api.w.org\/{rel}","templated":true}]}}