{"id":6421,"date":"2021-01-12T16:31:16","date_gmt":"2021-01-12T15:31:16","guid":{"rendered":"http:\/\/agora.xtec.cat\/ceip-ferra\/?p=6421"},"modified":"2021-01-12T16:34:34","modified_gmt":"2021-01-12T15:34:34","slug":"activitats-setmanals-del-12-al-15-de-gener-pa-les-balenes","status":"publish","type":"post","link":"https:\/\/agora.xtec.cat\/ceip-ferra\/infantil\/activitats-setmanals-del-12-al-15-de-gener-pa-les-balenes\/","title":{"rendered":"Activitats setmanals del 12 al 15 de gener PA &#8211; LES BALENES"},"content":{"rendered":"<p>Bon dia BALENES!<\/p>\n<p>Tal com us vaig informar, a continuaci\u00f3 podreu veure les activitats que us proposo fer el que queda de setmana. Com veureu estan dividides segons els dies de la setmana, per\u00f2 us podeu organitzar com us vagi millor.<\/p>\n<p>Si teniu qualsevol dubte estem en contacte a trav\u00e9s del correu electr\u00f2nic.<\/p>\n<p>Moltes gr\u00e0cies per l&#8217;esfor\u00e7 i una abra\u00e7ada molt gran per a tots i totes.<\/p>\n<p>&nbsp;<\/p>\n<p style=\"text-align: left;\"><strong>DIMECRES 13\u00a0<\/strong><\/p>\n<ul>\n<li><em>Matem\u00e0tiques: <\/em>numeraci\u00f3. L\u2019activitat consisteix a encistellar tantes boles de paper com marqui el n\u00famero. Pr\u00e8viament haureu de preparar 5, 7 o 10 gots de pl\u00e0stic amb el n\u00famero escrit amb retolador al frontal del got. En cas que no tingueu gots de pl\u00e0stic ho podeu fer amb qualsevol recipient enganxant un tros de paper amb el n\u00famero. Despr\u00e9s haureu de fer boles de paper i es tractar\u00e0 que l\u2019infant relacioni la grafia del n\u00famero de cada got amb la quantitat de boles de paper a encistellar. <span style=\"font-family: inherit; font-size: 1em;\">Es recomana preparar els gots o els recipients amb els alumnes perqu\u00e8 tamb\u00e9 puguin practicar les grafies dels n\u00fameros treballats.<\/span><\/li>\n<\/ul>\n<p><a href=\"https:\/\/agora.xtec.cat\/ceip-ferra\/wp-content\/uploads\/usu925\/2021\/01\/Mates-2-e1610456653592.jpg\"><img loading=\"lazy\" decoding=\"async\" class=\"alignnone wp-image-6423\" src=\"https:\/\/agora.xtec.cat\/ceip-ferra\/wp-content\/uploads\/usu925\/2021\/01\/Mates-2-e1610456653592-768x1024.jpg\" alt=\"\" width=\"160\" height=\"215\" \/><\/a><a href=\"https:\/\/agora.xtec.cat\/ceip-ferra\/wp-content\/uploads\/usu925\/2021\/01\/Mates-3.jpg\"><img loading=\"lazy\" decoding=\"async\" class=\"wp-image-6424 alignnone\" src=\"https:\/\/agora.xtec.cat\/ceip-ferra\/wp-content\/uploads\/usu925\/2021\/01\/Mates-3-1005x1024.jpg\" alt=\"\" width=\"205\" height=\"209\" srcset=\"https:\/\/agora.xtec.cat\/ceip-ferra\/wp-content\/uploads\/usu925\/2021\/01\/Mates-3-1005x1024.jpg 1005w, https:\/\/agora.xtec.cat\/ceip-ferra\/wp-content\/uploads\/usu925\/2021\/01\/Mates-3-295x300.jpg 295w, https:\/\/agora.xtec.cat\/ceip-ferra\/wp-content\/uploads\/usu925\/2021\/01\/Mates-3-768x782.jpg 768w\" sizes=\"auto, (max-width: 205px) 100vw, 205px\" \/><\/a><a href=\"https:\/\/agora.xtec.cat\/ceip-ferra\/wp-content\/uploads\/usu925\/2021\/01\/Mates-4.jpg\"><img loading=\"lazy\" decoding=\"async\" class=\"alignnone wp-image-6425\" src=\"https:\/\/agora.xtec.cat\/ceip-ferra\/wp-content\/uploads\/usu925\/2021\/01\/Mates-4-1024x768.jpg\" alt=\"\" width=\"277\" height=\"208\" srcset=\"https:\/\/agora.xtec.cat\/ceip-ferra\/wp-content\/uploads\/usu925\/2021\/01\/Mates-4-1024x768.jpg 1024w, https:\/\/agora.xtec.cat\/ceip-ferra\/wp-content\/uploads\/usu925\/2021\/01\/Mates-4-300x225.jpg 300w, https:\/\/agora.xtec.cat\/ceip-ferra\/wp-content\/uploads\/usu925\/2021\/01\/Mates-4-768x576.jpg 768w, https:\/\/agora.xtec.cat\/ceip-ferra\/wp-content\/uploads\/usu925\/2021\/01\/Mates-4-200x150.jpg 200w\" sizes=\"auto, (max-width: 277px) 100vw, 277px\" \/><\/a><a href=\"https:\/\/agora.xtec.cat\/ceip-ferra\/wp-content\/uploads\/usu925\/2021\/01\/Mates-1.jpg\"><img loading=\"lazy\" decoding=\"async\" class=\"alignnone wp-image-6422\" src=\"https:\/\/agora.xtec.cat\/ceip-ferra\/wp-content\/uploads\/usu925\/2021\/01\/Mates-1-1024x988.jpg\" alt=\"\" width=\"217\" height=\"210\" srcset=\"https:\/\/agora.xtec.cat\/ceip-ferra\/wp-content\/uploads\/usu925\/2021\/01\/Mates-1-1024x988.jpg 1024w, https:\/\/agora.xtec.cat\/ceip-ferra\/wp-content\/uploads\/usu925\/2021\/01\/Mates-1-300x289.jpg 300w, https:\/\/agora.xtec.cat\/ceip-ferra\/wp-content\/uploads\/usu925\/2021\/01\/Mates-1-768x741.jpg 768w\" sizes=\"auto, (max-width: 217px) 100vw, 217px\" \/><\/a><\/p>\n<ul>\n<li><em>M\u00fasica: <\/em>audici\u00f3 de Vivaldi. Es tracta d\u2019escoltar l\u2019audici\u00f3 d\u2019hivern de Vivaldi i representar-la amb el cos. Es poden fer servir diferents materials per realitzar la representaci\u00f3. Com a alternativa tamb\u00e9 es pot representar l\u2019audici\u00f3 a trav\u00e9s del llenguatge pl\u00e0stic. <span style=\"font-family: inherit; font-size: 1em;\">A continuaci\u00f3 us deixo l\u2019enlla\u00e7 directe a l\u2019audici\u00f3.\u00a0 <\/span><\/li>\n<\/ul>\n<p><span style=\"font-family: inherit; font-size: 1em;\">\u00a0 \u00a0 https:\/\/www.youtube.com\/watch?v=Pgs_zB6Et2Q<\/span><\/p>\n<ul>\n<li><em>Tra\u00e7: <\/em>circuit. Creaci\u00f3 d\u2019un circuit amb diferents tra\u00e7os i que els infants els hagin de resseguir amb algun element (cotxe, nina, animal&#8230;). El primer que hauran de fer ser\u00e0 crear el seu propi circuit per despr\u00e9s poder resseguir-lo amb algun dels objectes mencionats anteriorment. Us deixo una imatge amb els diferents tra\u00e7os que podeu fer servir. Si l\u2019infant no sap com comen\u00e7ar podeu comen\u00e7ar els adults i que ells vagin seguint el vostre tra\u00e7, ho faran molt b\u00e9! <a href=\"https:\/\/agora.xtec.cat\/ceip-ferra\/wp-content\/uploads\/usu925\/2021\/01\/tra\u00e7.gif\"><img loading=\"lazy\" decoding=\"async\" class=\"wp-image-6426 aligncenter\" src=\"https:\/\/agora.xtec.cat\/ceip-ferra\/wp-content\/uploads\/usu925\/2021\/01\/tra\u00e7.gif\" alt=\"\" width=\"64\" height=\"221\" \/><\/a><strong>DIJOUS 14<\/strong><\/li>\n<li><em>Llengua: <\/em>abecedari. Al llarg del trimestre vam estar descobrint les lletres de l\u2019abecedari i us animo a continuar amb aquesta feina, els nens i nenes s\u2019ho passen d\u2019all\u00f2 m\u00e9s b\u00e9 i estan molt engrescats! En aquesta activitat treballarem la lletra L. El primer que hem de fer \u00e9s pensar algun objecte, nom, material&#8230; que comenci per la lletra L. \u00c9s important que les fam\u00edlies feu el so de la lletra perqu\u00e8 els infants la puguin relacionar. Despr\u00e9s d\u2019aix\u00f2 practicarem com s\u2019escriu aquesta lletra amb diferents materials (plastilina, material d\u2019oficina, safata amb farina, pissarreta&#8230;). Finalment escriurem 4 de les paraules que hem pensat anteriorment.<\/li>\n<li><em>Pl\u00e0stica: <\/em>fer un dibuix \u00a0o una manualitat sobre el que m\u00e9s els hi hagi agradat de Nadal. Per fer-ho poden utilitzar qualsevol material que tingueu per casa, aquesta activitat \u00e9s totalment lliure.<\/li>\n<li><em>Llibre:\u00a0<\/em>els alumnes de P4 han de fer la p\u00e0gina 2 del llibre de niu tra\u00e7 i els alumnes de P5 la p\u00e0gina 3 del llibre pensem. A continuaci\u00f3 deixo les imatges de les p\u00e0gines amb una petita explicaci\u00f3 de cadascuna.<\/li>\n<\/ul>\n<p>Niu tra\u00e7 1 i 2: es tracta de resseguir les l\u00ednies. Primer ho podeu fer amb el retolador i el pl\u00e0stic que ve al final del llibre i despr\u00e9s amb un llapis de fusta amb color o sense. Amb aquesta activitat es treballar\u00e0 el tra\u00e7 vertical i horitzontal.<\/p>\n<p><a href=\"https:\/\/agora.xtec.cat\/ceip-ferra\/wp-content\/uploads\/usu925\/2021\/01\/Tra\u00e7-niu-2-2.jpg\"><img loading=\"lazy\" decoding=\"async\" class=\"alignleft wp-image-6427 size-thumbnail\" src=\"https:\/\/agora.xtec.cat\/ceip-ferra\/wp-content\/uploads\/usu925\/2021\/01\/Tra\u00e7-niu-2-2-150x150.jpg\" alt=\"\" width=\"150\" height=\"150\" \/><\/a><a href=\"https:\/\/agora.xtec.cat\/ceip-ferra\/wp-content\/uploads\/usu925\/2021\/01\/Tra\u00e7-niu-2.jpg\"><img loading=\"lazy\" decoding=\"async\" class=\"alignnone wp-image-6431 size-thumbnail\" src=\"https:\/\/agora.xtec.cat\/ceip-ferra\/wp-content\/uploads\/usu925\/2021\/01\/Tra\u00e7-niu-2-150x150.jpg\" alt=\"\" width=\"150\" height=\"150\" \/><\/a><a href=\"https:\/\/agora.xtec.cat\/ceip-ferra\/wp-content\/uploads\/usu925\/2021\/01\/Tra\u00e7-niu-1.jpg\"><img loading=\"lazy\" decoding=\"async\" class=\"wp-image-6429 size-thumbnail alignnone\" src=\"https:\/\/agora.xtec.cat\/ceip-ferra\/wp-content\/uploads\/usu925\/2021\/01\/Tra\u00e7-niu-1-150x150.jpg\" alt=\"\" width=\"150\" height=\"150\" \/><\/a><a href=\"https:\/\/agora.xtec.cat\/ceip-ferra\/wp-content\/uploads\/usu925\/2021\/01\/Tra\u00e7-niu-1-2.jpg\"><img loading=\"lazy\" decoding=\"async\" class=\"alignleft wp-image-6430 size-thumbnail\" src=\"https:\/\/agora.xtec.cat\/ceip-ferra\/wp-content\/uploads\/usu925\/2021\/01\/Tra\u00e7-niu-1-2-150x150.jpg\" alt=\"\" width=\"150\" height=\"150\" \/><\/a><\/p>\n<p>Pensem: <span class=\"hiddenGrammarError\">es<\/span>\u00a0tracta de dibuixar en el requadre de la dreta els objectes que falten a cada banda, observant pr\u00e8viament el dibuix de l&#8217;esquerra. Per acabar podeu pintar el dibuix de la dreta amb els mateixos colors que el dibuix original. Amb aquesta feina estarem treballant l&#8217;esquerra i la dreta, l&#8217;atenci\u00f3 i la situaci\u00f3 espacial.<\/p>\n<p><a href=\"https:\/\/agora.xtec.cat\/ceip-ferra\/wp-content\/uploads\/usu925\/2021\/01\/Pensem.jpg\"><img loading=\"lazy\" decoding=\"async\" class=\"alignleft wp-image-6428 size-thumbnail\" src=\"https:\/\/agora.xtec.cat\/ceip-ferra\/wp-content\/uploads\/usu925\/2021\/01\/Pensem-150x150.jpg\" alt=\"\" width=\"150\" height=\"150\" \/><\/a><\/p>\n<p>&nbsp;<\/p>\n<p>&nbsp;<\/p>\n<p>&nbsp;<\/p>\n<p>&nbsp;<\/p>\n<p>&nbsp;<\/p>\n<p><strong>DIVENDRES 15<\/strong><\/p>\n<ul>\n<li><em>Entorn:<\/em> observaci\u00f3. Aquesta activitat consisteix a observar diferents paisatges d\u2019hivern i fer una petita conversa sobre els elements m\u00e9s destacables d\u2019aquesta estaci\u00f3 de l\u2019any. Tamb\u00e9 podeu agafar una imatge d\u2019una estaci\u00f3 diferent i veure quines s\u00f3n les grans difer\u00e8ncies entre elles.<\/li>\n<\/ul>\n<p><a href=\"https:\/\/agora.xtec.cat\/ceip-ferra\/wp-content\/uploads\/usu925\/2021\/01\/Paissatge-dhivern-1.jpg\"><img loading=\"lazy\" decoding=\"async\" class=\"alignnone wp-image-6432 size-thumbnail\" src=\"https:\/\/agora.xtec.cat\/ceip-ferra\/wp-content\/uploads\/usu925\/2021\/01\/Paissatge-dhivern-1-150x150.jpg\" alt=\"\" width=\"150\" height=\"150\" \/><\/a> <a href=\"https:\/\/agora.xtec.cat\/ceip-ferra\/wp-content\/uploads\/usu925\/2021\/01\/Paissatge-dhivern-2.jpg\"><img loading=\"lazy\" decoding=\"async\" class=\"alignleft wp-image-6433 size-thumbnail\" src=\"https:\/\/agora.xtec.cat\/ceip-ferra\/wp-content\/uploads\/usu925\/2021\/01\/Paissatge-dhivern-2-150x150.jpg\" alt=\"\" width=\"150\" height=\"150\" \/><\/a><\/p>\n<ul>\n<li><em>Psicomotricitat:\u00a0<\/em>realitzar un circuit amb els elements que tinguem a casa. Us deixo un exemple d\u2019un circuit que vam fer durant el confinament que us pot servir d\u2019ajuda per inspirar-vos. Tamb\u00e9 \u00e9s una bona opci\u00f3 crear el circuit amb els mateixos nens\/es, \u00e9s a dir, que ells\/es vegin quines possibilitats tenen i anar-lo creant amb l\u2019ajuda de l\u2019adult.<\/li>\n<\/ul>\n<p>https:\/\/youtu.be\/Y-piDjniKMY<\/p>\n<ul>\n<li><em>Experimentaci\u00f3:\u00a0<\/em>creaci\u00f3 d\u2019un minimon d\u2019hivern. Els minimos s\u00f3n una provocaci\u00f3 al joc que estan lligades amb el joc simb\u00f2lic, per\u00f2 en lloc de ser els infants els protagonistes ho s\u00f3n els ninots o les figures a les quals fan cobrar vida. Consisteix en la representaci\u00f3 de l\u2019estaci\u00f3 de l\u2019hivern a escala petita amb materials que hi hagi a casa. A continuaci\u00f3 us deixo alguns exemples perqu\u00e8 pugueu veure de qu\u00e8 es tracta i que els infants deixin volar la seva imaginaci\u00f3, segur que ens sorprenen!<\/li>\n<\/ul>\n<p><a href=\"https:\/\/agora.xtec.cat\/ceip-ferra\/wp-content\/uploads\/usu925\/2021\/01\/minimon-dhivern-1.jpg\"><img loading=\"lazy\" decoding=\"async\" class=\"alignleft wp-image-6434 size-thumbnail\" src=\"https:\/\/agora.xtec.cat\/ceip-ferra\/wp-content\/uploads\/usu925\/2021\/01\/minimon-dhivern-1-150x150.jpg\" alt=\"\" width=\"150\" height=\"150\" \/><\/a> <a href=\"https:\/\/agora.xtec.cat\/ceip-ferra\/wp-content\/uploads\/usu925\/2021\/01\/minimon-dhivern-2.jpg\"><img loading=\"lazy\" decoding=\"async\" class=\"alignleft wp-image-6435 size-thumbnail\" src=\"https:\/\/agora.xtec.cat\/ceip-ferra\/wp-content\/uploads\/usu925\/2021\/01\/minimon-dhivern-2-150x150.jpg\" alt=\"\" width=\"150\" height=\"150\" \/><\/a> <a href=\"https:\/\/agora.xtec.cat\/ceip-ferra\/wp-content\/uploads\/usu925\/2021\/01\/minimon-dhivern-3.jpg\"><img loading=\"lazy\" decoding=\"async\" class=\"alignleft wp-image-6436 size-thumbnail\" src=\"https:\/\/agora.xtec.cat\/ceip-ferra\/wp-content\/uploads\/usu925\/2021\/01\/minimon-dhivern-3-150x150.jpg\" alt=\"\" width=\"150\" height=\"150\" srcset=\"https:\/\/agora.xtec.cat\/ceip-ferra\/wp-content\/uploads\/usu925\/2021\/01\/minimon-dhivern-3-150x150.jpg 150w, https:\/\/agora.xtec.cat\/ceip-ferra\/wp-content\/uploads\/usu925\/2021\/01\/minimon-dhivern-3.jpg 225w\" sizes=\"auto, (max-width: 150px) 100vw, 150px\" \/><\/a><\/p>\n<p>&nbsp;<\/p>\n","protected":false},"excerpt":{"rendered":"<p>Bon dia BALENES! Tal com us vaig informar, a continuaci\u00f3 podreu veure les activitats que us proposo fer el que queda de setmana. Com veureu estan dividides segons els dies de la setmana, per\u00f2 us podeu organitzar com us vagi millor. Si teniu qualsevol dubte estem en contacte a trav\u00e9s del correu electr\u00f2nic. Moltes gr\u00e0cies [&hellip;]<\/p>\n","protected":false},"author":4,"featured_media":4802,"comment_status":"open","ping_status":"closed","sticky":false,"template":"","format":"standard","meta":{"_bbp_topic_count":0,"_bbp_reply_count":0,"_bbp_total_topic_count":0,"_bbp_total_reply_count":0,"_bbp_voice_count":0,"_bbp_anonymous_reply_count":0,"_bbp_topic_count_hidden":0,"_bbp_reply_count_hidden":0,"_bbp_forum_subforum_count":0,"site-sidebar-layout":"default","site-content-layout":"","ast-site-content-layout":"","site-content-style":"default","site-sidebar-style":"default","ast-global-header-display":"","ast-banner-title-visibility":"","ast-main-header-display":"","ast-hfb-above-header-display":"","ast-hfb-below-header-display":"","ast-hfb-mobile-header-display":"","site-post-title":"","ast-breadcrumbs-content":"","ast-featured-img":"","footer-sml-layout":"","theme-transparent-header-meta":"","adv-header-id-meta":"","stick-header-meta":"","header-above-stick-meta":"","header-main-stick-meta":"","header-below-stick-meta":"","astra-migrate-meta-layouts":"default","ast-page-background-enabled":"default","ast-page-background-meta":{"desktop":{"background-color":"var(--ast-global-color-4)","background-image":"","background-repeat":"repeat","background-position":"center center","background-size":"auto","background-attachment":"scroll","background-type":"","background-media":"","overlay-type":"","overlay-color":"","overlay-opacity":"","overlay-gradient":""},"tablet":{"background-color":"","background-image":"","background-repeat":"repeat","background-position":"center center","background-size":"auto","background-attachment":"scroll","background-type":"","background-media":"","overlay-type":"","overlay-color":"","overlay-opacity":"","overlay-gradient":""},"mobile":{"background-color":"","background-image":"","background-repeat":"repeat","background-position":"center center","background-size":"auto","background-attachment":"scroll","background-type":"","background-media":"","overlay-type":"","overlay-color":"","overlay-opacity":"","overlay-gradient":""}},"ast-content-background-meta":{"desktop":{"background-color":"var(--ast-global-color-5)","background-image":"","background-repeat":"repeat","background-position":"center center","background-size":"auto","background-attachment":"scroll","background-type":"","background-media":"","overlay-type":"","overlay-color":"","overlay-opacity":"","overlay-gradient":""},"tablet":{"background-color":"var(--ast-global-color-5)","background-image":"","background-repeat":"repeat","background-position":"center center","background-size":"auto","background-attachment":"scroll","background-type":"","background-media":"","overlay-type":"","overlay-color":"","overlay-opacity":"","overlay-gradient":""},"mobile":{"background-color":"var(--ast-global-color-5)","background-image":"","background-repeat":"repeat","background-position":"center center","background-size":"auto","background-attachment":"scroll","background-type":"","background-media":"","overlay-type":"","overlay-color":"","overlay-opacity":"","overlay-gradient":""}},"footnotes":""},"categories":[50,46,7,8,9,2],"tags":[266,281,182,193,210],"class_list":["post-6421","post","type-post","status-publish","format-standard","has-post-thumbnail","hentry","category-blocs","category-bloc-dels-menuts","category-families","category-i4","category-i5","category-infantil","tag-confinament","tag-educacio-infantil","tag-families","tag-p4","tag-p5"],"post_mailing_queue_ids":[],"_links":{"self":[{"href":"https:\/\/agora.xtec.cat\/ceip-ferra\/wp-json\/wp\/v2\/posts\/6421","targetHints":{"allow":["GET"]}}],"collection":[{"href":"https:\/\/agora.xtec.cat\/ceip-ferra\/wp-json\/wp\/v2\/posts"}],"about":[{"href":"https:\/\/agora.xtec.cat\/ceip-ferra\/wp-json\/wp\/v2\/types\/post"}],"author":[{"embeddable":true,"href":"https:\/\/agora.xtec.cat\/ceip-ferra\/wp-json\/wp\/v2\/users\/4"}],"replies":[{"embeddable":true,"href":"https:\/\/agora.xtec.cat\/ceip-ferra\/wp-json\/wp\/v2\/comments?post=6421"}],"version-history":[{"count":3,"href":"https:\/\/agora.xtec.cat\/ceip-ferra\/wp-json\/wp\/v2\/posts\/6421\/revisions"}],"predecessor-version":[{"id":6439,"href":"https:\/\/agora.xtec.cat\/ceip-ferra\/wp-json\/wp\/v2\/posts\/6421\/revisions\/6439"}],"wp:featuredmedia":[{"embeddable":true,"href":"https:\/\/agora.xtec.cat\/ceip-ferra\/wp-json\/wp\/v2\/media\/4802"}],"wp:attachment":[{"href":"https:\/\/agora.xtec.cat\/ceip-ferra\/wp-json\/wp\/v2\/media?parent=6421"}],"wp:term":[{"taxonomy":"category","embeddable":true,"href":"https:\/\/agora.xtec.cat\/ceip-ferra\/wp-json\/wp\/v2\/categories?post=6421"},{"taxonomy":"post_tag","embeddable":true,"href":"https:\/\/agora.xtec.cat\/ceip-ferra\/wp-json\/wp\/v2\/tags?post=6421"}],"curies":[{"name":"wp","href":"https:\/\/api.w.org\/{rel}","templated":true}]}}