{"id":5594,"date":"2020-05-18T12:08:17","date_gmt":"2020-05-18T10:08:17","guid":{"rendered":"http:\/\/agora.xtec.cat\/ceip-ferra\/?p=5594"},"modified":"2020-05-24T10:24:47","modified_gmt":"2020-05-24T08:24:47","slug":"presentacio-alumnes-de-practiques-unir-presentacion-alumnas-de-practicas-de-la-unir","status":"publish","type":"post","link":"https:\/\/agora.xtec.cat\/ceip-ferra\/infantil\/presentacio-alumnes-de-practiques-unir-presentacion-alumnas-de-practicas-de-la-unir\/","title":{"rendered":"Presentaci\u00f3 alumnes de pr\u00e0ctiques Unir \/ Presentaci\u00f3n alumnas de pr\u00e1cticas de la Unir"},"content":{"rendered":"<p>Hola fam\u00edlies,<\/p>\n<p>Us comuniquem que tot i estar en aquesta situaci\u00f3 de confinament tenim l\u2019oportunitat d\u2019oferir l\u2019escola a diferents Universitats per a fer les pr\u00e0ctiques dels estudis relacionats amb les Ci\u00e8ncies de l\u2019Educaci\u00f3. Aix\u00ed que, a continuaci\u00f3 us presentarem a les mestres i futures mestres que estaran amb nosaltres aquest \u00faltim trimestre, recolzant a l\u2019equip docent i aprenent com funciona la nostra escola.<\/p>\n<p>Estem molt contentes de tenir-les amb nosaltres!<\/p>\n<p>Hola familias,<\/p>\n<p>Os comunicamos que a pesar de estar en esta situaci\u00f3n de confinamiento tenemos la oportunidad de ofrecer la escuela a diferentes Universidades para hacer las pr\u00e1cticas de los estudios relacionados con las Ciencias de la Educaci\u00f3n. As\u00ed que, a continuaci\u00f3n os presentaremos a las maestras y futuras maestras que estar\u00e1n con nosotros este \u00faltimo trimestre, apoyando al equipo docente y aprendiendo c\u00f3mo funciona nuestra escuela.<\/p>\n<p>Estamos muy contentas de tenerlas con nosotras!<\/p>\n<p>Hola a totes i a tots!!<br \/>\nS\u00f3c Patricia i estic fent pr\u00e0ctiques a la vostra escola.<br \/>\nS\u00f3c d&#8217;un petit poble de Val\u00e8ncia molt a prop de la mar i treballe de Psic\u00f2loga amb nens i adolescents.<br \/>\nTinc dos fills, Jordi que t\u00e9 6 anys i Marc que en t\u00e9 1.<br \/>\nM&#8217;agrada molt llegir i viatjar, i encara que sigui gran m&#8217;agraden molt\u00edssim els contes i les rondalles.<br \/>\nUna de les coses que m\u00e9s ens agrada als meus fills i a mi es inventar-nos hist\u00f2ries abans de dormir.<br \/>\nSalutacions<\/p>\n<p>Patricia Malonda<br \/>\nHola a todas y todos !!<br \/>\nSoy Patricia y estoy haciendo pr\u00e1cticas en vuestra escuela.<br \/>\nSoy de un peque\u00f1o pueblo de Valencia muy cerca del mar y trabajo de Psic\u00f3loga con ni\u00f1os y adolescentes.<br \/>\nTengo dos hijos, Jordi que tiene 6 a\u00f1os y Marco que tiene 1.<br \/>\nMe gusta mucho leer y viajar, y aunque sea mayor me gustan much\u00edsimo los cuentos.<br \/>\nUna de las cosas que m\u00e1s nos gustan a mis hijos y mi es inventarnos historias antes de dormir.<\/p>\n<p>Saludos<br \/>\n<a href=\"https:\/\/agora.xtec.cat\/ceip-ferra\/wp-content\/uploads\/usu925\/2020\/05\/patricia_opt.jpg\"><img loading=\"lazy\" decoding=\"async\" class=\"alignnone size-full wp-image-5649\" src=\"https:\/\/agora.xtec.cat\/ceip-ferra\/wp-content\/uploads\/usu925\/2020\/05\/patricia_opt.jpg\" alt=\"\" width=\"400\" height=\"461\" srcset=\"https:\/\/agora.xtec.cat\/ceip-ferra\/wp-content\/uploads\/usu925\/2020\/05\/patricia_opt.jpg 400w, https:\/\/agora.xtec.cat\/ceip-ferra\/wp-content\/uploads\/usu925\/2020\/05\/patricia_opt-260x300.jpg 260w\" sizes=\"auto, (max-width: 400px) 100vw, 400px\" \/><\/a><\/p>\n<p>Hola a tothom! El meu nom \u00e9s \u00c1ngela i s\u00f3c de Sevilla, per\u00f2 actualment resideixo a Su\u00e8cia. S\u00f3c estudiant de 3er del Grau de Magisteri Infantil a la UNIR i durant un petit per\u00edode de temps far\u00e9 les pr\u00e0ctiques amb vosaltres. Espero que puguem fer coses divertides i amenes en aquest temps tan estrany per a tothom.<br \/>\nUna salutaci\u00f3 i moltes gr\u00e0cies!<\/p>\n<p>Hola a todos! Mi nombre es \u00c1ngela y soy de Sevilla pero en la actualidad resido en Suecia. Soy estudiante de 3o del grado de Magisterio Infantil por la UNIR y durante un peque\u00f1o periodo de tiempo voy hacer las pr\u00e1cticas con vosotros. Espero que podamos hacer cosas divertidas y amenas en este tiempo tan raro para todos.<br \/>\nUn saludo y muchas gracias!<\/p>\n<p><a href=\"https:\/\/agora.xtec.cat\/ceip-ferra\/wp-content\/uploads\/usu925\/2020\/05\/Angela_opt.jpg\"><img loading=\"lazy\" decoding=\"async\" class=\"alignnone size-full wp-image-5650\" src=\"https:\/\/agora.xtec.cat\/ceip-ferra\/wp-content\/uploads\/usu925\/2020\/05\/Angela_opt.jpg\" alt=\"\" width=\"259\" height=\"400\" srcset=\"https:\/\/agora.xtec.cat\/ceip-ferra\/wp-content\/uploads\/usu925\/2020\/05\/Angela_opt.jpg 259w, https:\/\/agora.xtec.cat\/ceip-ferra\/wp-content\/uploads\/usu925\/2020\/05\/Angela_opt-194x300.jpg 194w\" sizes=\"auto, (max-width: 259px) 100vw, 259px\" \/><\/a><\/p>\n<p>Hola a tots i a totes!! S\u00f3c la S\u00edlvia, visc a Terrassa i estic fent les pr\u00e0ctiques de Magisteri d\u2019Educaci\u00f3 Infantil, \u00e9s un plaer estar amb vosaltres!<\/p>\n<p>Hola a todos y todas!!! Soy Silvia, vivo en Terrassa y estoy haciendo pr\u00e1cticas de Magisterio de Educaci\u00f3n Infantil, es un placer estar con vosotros!<\/p>\n<p><a href=\"https:\/\/agora.xtec.cat\/ceip-ferra\/wp-content\/uploads\/usu925\/2020\/05\/silvia_opt.jpg\"><img loading=\"lazy\" decoding=\"async\" class=\"alignnone size-full wp-image-5651\" src=\"https:\/\/agora.xtec.cat\/ceip-ferra\/wp-content\/uploads\/usu925\/2020\/05\/silvia_opt.jpg\" alt=\"\" width=\"400\" height=\"299\" srcset=\"https:\/\/agora.xtec.cat\/ceip-ferra\/wp-content\/uploads\/usu925\/2020\/05\/silvia_opt.jpg 400w, https:\/\/agora.xtec.cat\/ceip-ferra\/wp-content\/uploads\/usu925\/2020\/05\/silvia_opt-300x224.jpg 300w, https:\/\/agora.xtec.cat\/ceip-ferra\/wp-content\/uploads\/usu925\/2020\/05\/silvia_opt-200x150.jpg 200w\" sizes=\"auto, (max-width: 400px) 100vw, 400px\" \/><\/a><\/p>\n<p>Hola a tots i a totes,<br \/>\nS\u00f3c l\u2019Alexandra i s\u00f3c mestra d\u2019Educaci\u00f3 Infantil. Actualment estic estudiant un m\u00e0ster en Did\u00e0ctica de les matem\u00e0tiques a l\u2019Educaci\u00f3 Infantil i Prim\u00e0ria per la UNIR.<br \/>\nM\u2019agrada estar cont\u00ednuament aprenent i tinc molta inquietud per ampliar els meus coneixements en el camp de l\u2019educaci\u00f3. S\u00f3c una persona creativa, disposada a aprendre cada dia i a la recerca de nous reptes. Apassionada dels contes, les manualitats i la pintura.<br \/>\nEstic molt contenta de poder compartir aquesta experi\u00e8ncia amb vosaltres!<br \/>\nI con\u00e8ixer-nos encara que sigui a dist\u00e0ncia.<\/p>\n<p>Hola a todos y a todas,<br \/>\nSoy Alexandra y soy maestra de Educaci\u00f3n Infantil. Actualmente estoy estudiando un M\u00e1ster en Did\u00e1ctica de las matem\u00e1ticas en Educaci\u00f3n Infantil y Primaria por la UNIR.<br \/>\nMe gusta estar continuamente aprendiendo y tengo mucha inquietud por ampliar mis conocimientos en el campo de la educaci\u00f3n. Soy una persona muy creativa, dispuesta a aprender cada d\u00eda y en busca de nuevos retos. Apasionada de los cuentos, las manualidades y la pintura.<br \/>\n\u00a1Estoy muy contenta de poder compartir esta experiencia con vosotros!<br \/>\nY conocernos, aunque sea a distancia.<\/p>\n<p><a href=\"https:\/\/agora.xtec.cat\/ceip-ferra\/wp-content\/uploads\/usu925\/2020\/05\/alexandra_opt.jpg\"><img loading=\"lazy\" decoding=\"async\" class=\"alignnone size-full wp-image-5652\" src=\"https:\/\/agora.xtec.cat\/ceip-ferra\/wp-content\/uploads\/usu925\/2020\/05\/alexandra_opt.jpg\" alt=\"\" width=\"400\" height=\"563\" srcset=\"https:\/\/agora.xtec.cat\/ceip-ferra\/wp-content\/uploads\/usu925\/2020\/05\/alexandra_opt.jpg 400w, https:\/\/agora.xtec.cat\/ceip-ferra\/wp-content\/uploads\/usu925\/2020\/05\/alexandra_opt-213x300.jpg 213w\" sizes=\"auto, (max-width: 400px) 100vw, 400px\" \/><\/a><\/p>\n<p>Hola,<br \/>\nEl meu nom \u00e9s Paula, s\u00f3c d\u2019Alcal\u00e0 de Henares, una ciutat propera a Madrid. S\u00f3c alegre, constant i treballadora. Estudio un M\u00e0ster de Did\u00e0ctica de la llengua i tamb\u00e9 treballo com a mestra de psicomotricitat en una escola.<\/p>\n<p>Hola,<br \/>\nMe llamo Paula. Soy de Alcal\u00e1 de Henares, una ciudad cercana a Madrid.<br \/>\nSoy alegre, constante y trabajadora. Estudio un M\u00e1ster de Did\u00e1ctica de la lengua y tambi\u00e9n trabajo como profe de psicomotricidad en un cole.<br \/>\n<a href=\"https:\/\/agora.xtec.cat\/ceip-ferra\/wp-content\/uploads\/usu925\/2020\/05\/paula_opt.jpg\"><img loading=\"lazy\" decoding=\"async\" class=\"alignnone size-full wp-image-5653\" src=\"https:\/\/agora.xtec.cat\/ceip-ferra\/wp-content\/uploads\/usu925\/2020\/05\/paula_opt.jpg\" alt=\"\" width=\"400\" height=\"533\" srcset=\"https:\/\/agora.xtec.cat\/ceip-ferra\/wp-content\/uploads\/usu925\/2020\/05\/paula_opt.jpg 400w, https:\/\/agora.xtec.cat\/ceip-ferra\/wp-content\/uploads\/usu925\/2020\/05\/paula_opt-225x300.jpg 225w\" sizes=\"auto, (max-width: 400px) 100vw, 400px\" \/><\/a><\/p>\n","protected":false},"excerpt":{"rendered":"<p>Hola fam\u00edlies, Us comuniquem que tot i estar en aquesta situaci\u00f3 de confinament tenim l\u2019oportunitat d\u2019oferir l\u2019escola a diferents Universitats per a fer les pr\u00e0ctiques dels estudis relacionats amb les Ci\u00e8ncies de l\u2019Educaci\u00f3. Aix\u00ed que, a continuaci\u00f3 us presentarem a les mestres i futures mestres que estaran amb nosaltres aquest \u00faltim trimestre, recolzant a l\u2019equip [&hellip;]<\/p>\n","protected":false},"author":4,"featured_media":5699,"comment_status":"open","ping_status":"closed","sticky":false,"template":"","format":"standard","meta":{"_bbp_topic_count":0,"_bbp_reply_count":0,"_bbp_total_topic_count":0,"_bbp_total_reply_count":0,"_bbp_voice_count":0,"_bbp_anonymous_reply_count":0,"_bbp_topic_count_hidden":0,"_bbp_reply_count_hidden":0,"_bbp_forum_subforum_count":0,"site-sidebar-layout":"default","site-content-layout":"","ast-site-content-layout":"","site-content-style":"default","site-sidebar-style":"default","ast-global-header-display":"","ast-banner-title-visibility":"","ast-main-header-display":"","ast-hfb-above-header-display":"","ast-hfb-below-header-display":"","ast-hfb-mobile-header-display":"","site-post-title":"","ast-breadcrumbs-content":"","ast-featured-img":"","footer-sml-layout":"","theme-transparent-header-meta":"","adv-header-id-meta":"","stick-header-meta":"","header-above-stick-meta":"","header-main-stick-meta":"","header-below-stick-meta":"","astra-migrate-meta-layouts":"default","ast-page-background-enabled":"default","ast-page-background-meta":{"desktop":{"background-color":"var(--ast-global-color-4)","background-image":"","background-repeat":"repeat","background-position":"center center","background-size":"auto","background-attachment":"scroll","background-type":"","background-media":"","overlay-type":"","overlay-color":"","overlay-opacity":"","overlay-gradient":""},"tablet":{"background-color":"","background-image":"","background-repeat":"repeat","background-position":"center center","background-size":"auto","background-attachment":"scroll","background-type":"","background-media":"","overlay-type":"","overlay-color":"","overlay-opacity":"","overlay-gradient":""},"mobile":{"background-color":"","background-image":"","background-repeat":"repeat","background-position":"center center","background-size":"auto","background-attachment":"scroll","background-type":"","background-media":"","overlay-type":"","overlay-color":"","overlay-opacity":"","overlay-gradient":""}},"ast-content-background-meta":{"desktop":{"background-color":"var(--ast-global-color-5)","background-image":"","background-repeat":"repeat","background-position":"center center","background-size":"auto","background-attachment":"scroll","background-type":"","background-media":"","overlay-type":"","overlay-color":"","overlay-opacity":"","overlay-gradient":""},"tablet":{"background-color":"var(--ast-global-color-5)","background-image":"","background-repeat":"repeat","background-position":"center center","background-size":"auto","background-attachment":"scroll","background-type":"","background-media":"","overlay-type":"","overlay-color":"","overlay-opacity":"","overlay-gradient":""},"mobile":{"background-color":"var(--ast-global-color-5)","background-image":"","background-repeat":"repeat","background-position":"center center","background-size":"auto","background-attachment":"scroll","background-type":"","background-media":"","overlay-type":"","overlay-color":"","overlay-opacity":"","overlay-gradient":""}},"footnotes":""},"categories":[50,46,3,8,9,2,4],"tags":[266,281,272,235,193,210,283],"class_list":["post-5594","post","type-post","status-publish","format-standard","has-post-thumbnail","hentry","category-blocs","category-bloc-dels-menuts","category-i3","category-i4","category-i5","category-infantil","category-portada","tag-confinament","tag-educacio-infantil","tag-mestres-confinats","tag-p3","tag-p4","tag-p5","tag-practiques"],"post_mailing_queue_ids":[],"_links":{"self":[{"href":"https:\/\/agora.xtec.cat\/ceip-ferra\/wp-json\/wp\/v2\/posts\/5594","targetHints":{"allow":["GET"]}}],"collection":[{"href":"https:\/\/agora.xtec.cat\/ceip-ferra\/wp-json\/wp\/v2\/posts"}],"about":[{"href":"https:\/\/agora.xtec.cat\/ceip-ferra\/wp-json\/wp\/v2\/types\/post"}],"author":[{"embeddable":true,"href":"https:\/\/agora.xtec.cat\/ceip-ferra\/wp-json\/wp\/v2\/users\/4"}],"replies":[{"embeddable":true,"href":"https:\/\/agora.xtec.cat\/ceip-ferra\/wp-json\/wp\/v2\/comments?post=5594"}],"version-history":[{"count":3,"href":"https:\/\/agora.xtec.cat\/ceip-ferra\/wp-json\/wp\/v2\/posts\/5594\/revisions"}],"predecessor-version":[{"id":5703,"href":"https:\/\/agora.xtec.cat\/ceip-ferra\/wp-json\/wp\/v2\/posts\/5594\/revisions\/5703"}],"wp:featuredmedia":[{"embeddable":true,"href":"https:\/\/agora.xtec.cat\/ceip-ferra\/wp-json\/wp\/v2\/media\/5699"}],"wp:attachment":[{"href":"https:\/\/agora.xtec.cat\/ceip-ferra\/wp-json\/wp\/v2\/media?parent=5594"}],"wp:term":[{"taxonomy":"category","embeddable":true,"href":"https:\/\/agora.xtec.cat\/ceip-ferra\/wp-json\/wp\/v2\/categories?post=5594"},{"taxonomy":"post_tag","embeddable":true,"href":"https:\/\/agora.xtec.cat\/ceip-ferra\/wp-json\/wp\/v2\/tags?post=5594"}],"curies":[{"name":"wp","href":"https:\/\/api.w.org\/{rel}","templated":true}]}}