{"id":4906,"date":"2020-04-22T09:22:35","date_gmt":"2020-04-22T07:22:35","guid":{"rendered":"http:\/\/agora.xtec.cat\/ceip-ferra\/?p=4906"},"modified":"2020-04-24T09:56:18","modified_gmt":"2020-04-24T07:56:18","slug":"taller-dijous-23-dabril-ballem-i-ens-maquillem","status":"publish","type":"post","link":"https:\/\/agora.xtec.cat\/ceip-ferra\/infantil\/taller-dijous-23-dabril-ballem-i-ens-maquillem\/","title":{"rendered":"Taller dijous 23 d&#8217;abril: BALLEM i ens MAQUILLEM"},"content":{"rendered":"<p>Hola nens i nenes teniu ganes de ballar? Doncs avui us toca moure-us una mica. A veure si us agrada el ball que us he preparat amb l&#8217;Anouk i l&#8217;Ainet. La can\u00e7\u00f3 \u00e9s la de Sant Jordi de la D\u00e0maris Gelabert. Primer, podeu fer el mateix ball i despr\u00e9s el podeu realitzar diferent i anar canviant passos i moviments perqu\u00e8 sigui m\u00e9s complicat. Ah! Tamb\u00e9 us podeu posar alguna disfressa o complements de Sant Jordi. Tota la fam\u00edlia que s\u2019animi a ballar, segur que ho fareu genial!!!<\/p>\n<div class=\"ast-oembed-container \" style=\"height: 100%;\"><iframe loading=\"lazy\" title=\"BALLEM\" width=\"500\" height=\"281\" src=\"https:\/\/www.youtube.com\/embed\/Iar0SgvaBJU?feature=oembed\" frameborder=\"0\" allow=\"accelerometer; autoplay; clipboard-write; encrypted-media; gyroscope; picture-in-picture; web-share\" referrerpolicy=\"strict-origin-when-cross-origin\" allowfullscreen><\/iframe><\/div>\n<p>Bon dia a tothom! Sabeu quin dia \u00e9s avui, oi?<br \/>\nS\u00ed, l\u2019heu encertat. Molt bona diada de Sant Jordi a tothom!! Avui comen\u00e7arem amb un taller de disfresses i maquillatges, o sigui, que prepareu-vos per jugar, imaginar, crear i gaudir molt de la proposta. Espero que us agradi molt! Us trobem a faltar, petons!<\/p>\n<div class=\"ast-oembed-container \" style=\"height: 100%;\"><iframe loading=\"lazy\" title=\"Maquillatge\" width=\"500\" height=\"281\" src=\"https:\/\/www.youtube.com\/embed\/qvMtdNLY8eI?feature=oembed\" frameborder=\"0\" allow=\"accelerometer; autoplay; clipboard-write; encrypted-media; gyroscope; picture-in-picture; web-share\" referrerpolicy=\"strict-origin-when-cross-origin\" allowfullscreen><\/iframe><\/div>\n","protected":false},"excerpt":{"rendered":"<p>Hola nens i nenes teniu ganes de ballar? Doncs avui us toca moure-us una mica. A veure si us agrada el ball que us he preparat amb l&#8217;Anouk i l&#8217;Ainet. La can\u00e7\u00f3 \u00e9s la de Sant Jordi de la D\u00e0maris Gelabert. Primer, podeu fer el mateix ball i despr\u00e9s el podeu realitzar diferent i anar [&hellip;]<\/p>\n","protected":false},"author":4,"featured_media":5101,"comment_status":"open","ping_status":"closed","sticky":false,"template":"","format":"standard","meta":{"_bbp_topic_count":0,"_bbp_reply_count":0,"_bbp_total_topic_count":0,"_bbp_total_reply_count":0,"_bbp_voice_count":0,"_bbp_anonymous_reply_count":0,"_bbp_topic_count_hidden":0,"_bbp_reply_count_hidden":0,"_bbp_forum_subforum_count":0,"site-sidebar-layout":"default","site-content-layout":"","ast-site-content-layout":"","site-content-style":"default","site-sidebar-style":"default","ast-global-header-display":"","ast-banner-title-visibility":"","ast-main-header-display":"","ast-hfb-above-header-display":"","ast-hfb-below-header-display":"","ast-hfb-mobile-header-display":"","site-post-title":"","ast-breadcrumbs-content":"","ast-featured-img":"","footer-sml-layout":"","theme-transparent-header-meta":"","adv-header-id-meta":"","stick-header-meta":"","header-above-stick-meta":"","header-main-stick-meta":"","header-below-stick-meta":"","astra-migrate-meta-layouts":"default","ast-page-background-enabled":"default","ast-page-background-meta":{"desktop":{"background-color":"var(--ast-global-color-4)","background-image":"","background-repeat":"repeat","background-position":"center center","background-size":"auto","background-attachment":"scroll","background-type":"","background-media":"","overlay-type":"","overlay-color":"","overlay-opacity":"","overlay-gradient":""},"tablet":{"background-color":"","background-image":"","background-repeat":"repeat","background-position":"center center","background-size":"auto","background-attachment":"scroll","background-type":"","background-media":"","overlay-type":"","overlay-color":"","overlay-opacity":"","overlay-gradient":""},"mobile":{"background-color":"","background-image":"","background-repeat":"repeat","background-position":"center center","background-size":"auto","background-attachment":"scroll","background-type":"","background-media":"","overlay-type":"","overlay-color":"","overlay-opacity":"","overlay-gradient":""}},"ast-content-background-meta":{"desktop":{"background-color":"var(--ast-global-color-5)","background-image":"","background-repeat":"repeat","background-position":"center center","background-size":"auto","background-attachment":"scroll","background-type":"","background-media":"","overlay-type":"","overlay-color":"","overlay-opacity":"","overlay-gradient":""},"tablet":{"background-color":"var(--ast-global-color-5)","background-image":"","background-repeat":"repeat","background-position":"center center","background-size":"auto","background-attachment":"scroll","background-type":"","background-media":"","overlay-type":"","overlay-color":"","overlay-opacity":"","overlay-gradient":""},"mobile":{"background-color":"var(--ast-global-color-5)","background-image":"","background-repeat":"repeat","background-position":"center center","background-size":"auto","background-attachment":"scroll","background-type":"","background-media":"","overlay-type":"","overlay-color":"","overlay-opacity":"","overlay-gradient":""}},"footnotes":""},"categories":[50,46,3,8,9,2],"tags":[266,272,55],"class_list":["post-4906","post","type-post","status-publish","format-standard","has-post-thumbnail","hentry","category-blocs","category-bloc-dels-menuts","category-i3","category-i4","category-i5","category-infantil","tag-confinament","tag-mestres-confinats","tag-sant-jordi"],"post_mailing_queue_ids":[],"_links":{"self":[{"href":"https:\/\/agora.xtec.cat\/ceip-ferra\/wp-json\/wp\/v2\/posts\/4906","targetHints":{"allow":["GET"]}}],"collection":[{"href":"https:\/\/agora.xtec.cat\/ceip-ferra\/wp-json\/wp\/v2\/posts"}],"about":[{"href":"https:\/\/agora.xtec.cat\/ceip-ferra\/wp-json\/wp\/v2\/types\/post"}],"author":[{"embeddable":true,"href":"https:\/\/agora.xtec.cat\/ceip-ferra\/wp-json\/wp\/v2\/users\/4"}],"replies":[{"embeddable":true,"href":"https:\/\/agora.xtec.cat\/ceip-ferra\/wp-json\/wp\/v2\/comments?post=4906"}],"version-history":[{"count":3,"href":"https:\/\/agora.xtec.cat\/ceip-ferra\/wp-json\/wp\/v2\/posts\/4906\/revisions"}],"predecessor-version":[{"id":5067,"href":"https:\/\/agora.xtec.cat\/ceip-ferra\/wp-json\/wp\/v2\/posts\/4906\/revisions\/5067"}],"wp:featuredmedia":[{"embeddable":true,"href":"https:\/\/agora.xtec.cat\/ceip-ferra\/wp-json\/wp\/v2\/media\/5101"}],"wp:attachment":[{"href":"https:\/\/agora.xtec.cat\/ceip-ferra\/wp-json\/wp\/v2\/media?parent=4906"}],"wp:term":[{"taxonomy":"category","embeddable":true,"href":"https:\/\/agora.xtec.cat\/ceip-ferra\/wp-json\/wp\/v2\/categories?post=4906"},{"taxonomy":"post_tag","embeddable":true,"href":"https:\/\/agora.xtec.cat\/ceip-ferra\/wp-json\/wp\/v2\/tags?post=4906"}],"curies":[{"name":"wp","href":"https:\/\/api.w.org\/{rel}","templated":true}]}}