{"id":4115,"date":"2020-03-23T00:10:23","date_gmt":"2020-03-22T23:10:23","guid":{"rendered":"http:\/\/agora.xtec.cat\/ceip-ferra\/?p=4115"},"modified":"2020-03-23T10:18:28","modified_gmt":"2020-03-23T09:18:28","slug":"activitats-per-4t-setmana-del-23-de-marc-del-2020","status":"publish","type":"post","link":"https:\/\/agora.xtec.cat\/ceip-ferra\/general\/activitats-per-4t-setmana-del-23-de-marc-del-2020\/","title":{"rendered":"Activitats per 4t (setmana del 23 de mar\u00e7 del 2020)"},"content":{"rendered":"<p>Hola nens i nenes de 4t!<\/p>\n<p>Com esteu?<\/p>\n<p>Si encara no heu fet <strong>un horari<\/strong>, us recomanem que amb l\u2019ajuda dels vostres pares en feu un per ajudar-vos a treballar millor aquests dies. En aquest horari podeu incloure estones de fer feines de l\u2019escola, de jugar, veure pel\u00b7l\u00edcules, fer manualitats i fins i tot estones de relaxaci\u00f3.<\/p>\n<p>Tamb\u00e9 podeu escriure cada dia a l\u2019<strong>agenda<\/strong> un parell de frases explicant que heu fet, com us sentiu, fer un petit dibuix, enganxar una imatge, etc.<\/p>\n<p>A continuaci\u00f3 us fem unes recomanacions per fer aquests dies:<\/p>\n<p><strong><u>Matem\u00e0tiques<\/u><\/strong><\/p>\n<ul>\n<li>Podeu fer <strong>una fotografia als cossos geom\u00e8trics<\/strong> que heu muntat i ens envieu un correu electr\u00f2nic per veure-la. Us recomanem fer un <strong>petit text<\/strong> explicant com els heu muntat.<\/li>\n<li>Tamb\u00e9 podeu <strong>repassar les taules de multiplicar i fer divisions d\u2019una xifra <\/strong>a trav\u00e9s de les p\u00e0gines webs seg\u00fcents:<\/li>\n<\/ul>\n<p><a href=\"http:\/\/jeux.lulu.pagesperso-orange.fr\/html\/tableM\/tableM1A.htm\">http:\/\/jeux.lulu.pagesperso-orange.fr\/html\/tableM\/tableM1A.htm<\/a><\/p>\n<p><a href=\"https:\/\/www.matematicasonline.es\/flash\/divisiones\/division1.html\">https:\/\/www.matematicasonline.es\/flash\/divisiones\/division1.html<\/a><\/p>\n<p><strong><u>Catal\u00e0<\/u><\/strong><\/p>\n<ul>\n<li>Recordeu escriure <strong>un poema<\/strong>, el tema \u00e9s lliure. Per tenir idees podeu llegir a la llibreta de catal\u00e0 el que vam treballar dels poemes. Ha de tenir com a m\u00ednim 2 estrofes i despr\u00e9s fer un dibuix.<\/li>\n<li>Us proposem un jclic per treballar l\u2019ortografia, aqu\u00ed teniu l\u2019enlla\u00e7:<\/li>\n<\/ul>\n<p><a href=\"https:\/\/clic.xtec.cat\/projects\/orto_vis\/jclic.js\/index.html\">https:\/\/clic.xtec.cat\/projects\/orto_vis\/jclic.js\/index.html<\/a><\/p>\n<p><strong><u>Castell\u00e0<\/u><\/strong><\/p>\n<p>Durant aquests dies podeu practicar l\u2019expressi\u00f3 escrita de la seg\u00fcent manera:<\/p>\n<ul>\n<li>Veure una <strong>pel\u00b7l\u00edcula<\/strong> i despr\u00e9s escriure un breu <strong>resum <\/strong>d\u2019unes 12 l\u00ednies.<\/li>\n<li>I fer un <strong>c\u00f2mic <\/strong>de 8 vinyetes. Recorda pintar els dibuixos.<\/li>\n<\/ul>\n<p><strong><u>Coneixement del medi Natural<\/u><\/strong><\/p>\n<p><strong>4t A<\/strong>: Com ja sabeu hem treballat les fonts d&#8217;energia. Alguna vegada heu sentit parlar a casa vostra de les factures de l&#8217;aigua i la llum? Podeu agafar alguna de les que tingueu a casa i comentar-la amb els vostres pares. A m\u00e9s a m\u00e9s, podeu fer un llistat sobre quines actuacions i mesures podeu portar a terme aquests dies per tal d\u2019estalviar llum, aigua o gas\u00a0 a casa.<\/p>\n<p><strong>4t B<\/strong>: Durant aquesta unitat hem estudiat que el sol es un estel. Ara seguirem treballant una mica m\u00e9s al voltant de les estrelles.<\/p>\n<p>Heu de buscar a google o a qualsevol llibre un m\u00ednim de 5 constel\u00b7lacions i les heu de dibuixar en un full.<\/p>\n<p>(*) Recordeu enviar a la Balma les fotos de les llunes fetes amb aliments.<\/p>\n<p><strong><u>Coneixement del medi Social<\/u><\/strong><\/p>\n<ul>\n<li>Podeu continuar treballant i repassant les comarques mitjan\u00e7ant el portal web seg\u00fcent:<\/li>\n<\/ul>\n<p><a href=\"https:\/\/www.cerebriti.com\/juegos-de-geografia\/comarques-catalanes\">https:\/\/www.cerebriti.com\/juegos-de-geografia\/comarques-catalanes<\/a><\/p>\n<ul>\n<li>Mitjan\u00e7ant \u00a0GoogleEarth podem visitar les comarques.<\/li>\n<\/ul>\n<p><strong><u>Valors<\/u><\/strong><\/p>\n<p>Per treballar l\u2019educaci\u00f3 en valors, podeu realitzar a casa un petit diari emocional on ens expliqueu quines emocions (alegria, tristesa, por, f\u00e0stic i r\u00e0bia) heu tingut durant el dia i perqu\u00e8 us heu sentit aix\u00ed. Per exemple:<\/p>\n<p>Aquest mat\u00ed m\u2019he sentit alegre perqu\u00e8 he fet un past\u00eds de xocolata amb la meva mare.<\/p>\n<p><strong><u>Angl\u00e8s<\/u><\/strong><\/p>\n<p><strong>4th grade: <\/strong><\/p>\n<ol>\n<li><strong>\u00a0<a href=\"https:\/\/learnenglishkids.britishcouncil.org\/word-games\/time\">https:\/\/learnenglishkids.britishcouncil.org\/word-games\/time<\/a>\u00a0<\/strong><\/li>\n<li><strong><a href=\"https:\/\/learnenglishkids.britishcouncil.org\/grammar-chants\/nine-oclock-monday\">https:\/\/learnenglishkids.britishcouncil.org\/grammar-chants\/nine-oclock-monday<\/a><\/strong><\/li>\n<\/ol>\n<p><strong>Activities for both 3rd grade and 4th grade: <\/strong><\/p>\n<p><strong>\u00a0<\/strong>Listen to a simple story in English<\/p>\n<p><strong>Pete the cat rocking in my new shoes <\/strong><\/p>\n<p><a href=\"https:\/\/www.youtube.com\/watch?v=lUVgSWsyIE8\">https:\/\/www.youtube.com\/watch?v=lUVgSWsyIE8<\/a><\/p>\n<p><strong>Pete the cat and the\u00a0 magic glasses<\/strong><\/p>\n<p><a href=\"https:\/\/www.youtube.com\/watch?v=VBlaXGyJWZc\">https:\/\/www.youtube.com\/watch?v=VBlaXGyJWZc<\/a><\/p>\n<p>(Si no us funciona \u00a0l\u2019enlla\u00e7, copieu-lo l vostra navegador Google)<\/p>\n<p><u><a href=\"https:\/\/assets.cambridgeenglish.org\/activities-for-children\/m-rw-07-in-the-library\/story.html?_ga=2.23593530.1422068155.1584728985-1483408734.1584728985\">https:\/\/assets.cambridgeenglish.org\/activities-for-children\/m-rw-07-in-the-library\/story.html?_ga=2.23593530.1422068155.1584728985-1483408734.1584728985<\/a><\/u><\/p>\n<p><strong><u>Tic<\/u><\/strong><\/p>\n<p>JUGA AMB SCRATCH!!!<\/p>\n<p>Aneu a la p\u00e0gina d&#8217;Scratch\u00a0<a href=\"https:\/\/scratch.mit.edu\/\">https:\/\/scratch.mit.edu\/<\/a>\u00a0i premeu el boto <strong>Crea i <\/strong>seguiu les instruccions del pdf.<\/p>\n<p><a href=\"https:\/\/agora.xtec.cat\/ceip-ferra\/wp-content\/uploads\/usu925\/2020\/03\/4.1-2-Targetes-Anima-un-Personatge.pdf\">4.1 2 Targetes Anima un Personatge<\/a><\/p>\n<p><strong><u>Religi\u00f3<\/u><\/strong><\/p>\n<p><a href=\"https:\/\/agora.xtec.cat\/ceip-ferra\/wp-content\/uploads\/usu925\/2020\/03\/ACTIVITAT-RELIGI\u00d3-1a-pdf.pdf\">ACTIVITAT RELIGI\u00d3 1a pdf<\/a><\/p>\n<p><strong><u>M\u00fasica<\/u><\/strong><\/p>\n<p>Bon dia estimats alumnes!!!!<\/p>\n<p>Estic que segura que en aquesta setmana que ja ha passat haureu, com a m\u00ednim, cantat alguna can\u00e7\u00f3 (ni que sigui a la dutxa&#8230;), ballat (ni que sigui un tik-tok&#8230;) i escoltat m\u00fasica (ni que sigui la del ve\u00ed&#8230;). Enhorabona!<\/p>\n<p>La m\u00fasica est\u00e0 a tot arreu, fins i tot confinats la m\u00fasica segueix present a les nostres vides!<\/p>\n<p>Per aquesta setmana que entra us faig una proposta diferent: fer un petit rep\u00e0s de les notes que hem apr\u00e8s fins ara!<\/p>\n<p>Haureu d\u2019entrar a l\u2019enlla\u00e7 que trobareu a continuaci\u00f3:<\/p>\n<p><a href=\"https:\/\/aprendomusica.com\/swf\/aprendoNotas2013.htm\">https:\/\/aprendomusica.com\/swf\/aprendoNotas2013.htm<\/a><\/p>\n<p>Si voleu us podeu saltar els exercicis 1, 2 i 3. Podeu comen\u00e7ar pel n\u00famero 4 i anar augmentant fins el 7.<\/p>\n<p>I afegirem aquest altre per poder acabar de repassar-les totes:<\/p>\n<p><a href=\"https:\/\/aprendomusica.com\/const2\/27aprendonotas8\/aprendonotas8.html\">https:\/\/aprendomusica.com\/const2\/27aprendonotas8\/aprendonotas8.html<\/a><\/p>\n<p>&nbsp;<\/p>\n<p>Bon rep\u00e0s!<\/p>\n<p>Fins la propera setmana!<\/p>\n<p>Petons virtuaaaals!<\/p>\n<p><strong>\u00a0<\/strong><\/p>\n","protected":false},"excerpt":{"rendered":"<p>Hola nens i nenes de 4t! Com esteu? Si encara no heu fet un horari, us recomanem que amb l\u2019ajuda dels vostres pares en feu un per ajudar-vos a treballar millor aquests dies. En aquest horari podeu incloure estones de fer feines de l\u2019escola, de jugar, veure pel\u00b7l\u00edcules, fer manualitats i fins i tot estones [&hellip;]<\/p>\n","protected":false},"author":5,"featured_media":0,"comment_status":"open","ping_status":"closed","sticky":false,"template":"","format":"standard","meta":{"_bbp_topic_count":0,"_bbp_reply_count":0,"_bbp_total_topic_count":0,"_bbp_total_reply_count":0,"_bbp_voice_count":0,"_bbp_anonymous_reply_count":0,"_bbp_topic_count_hidden":0,"_bbp_reply_count_hidden":0,"_bbp_forum_subforum_count":0,"site-sidebar-layout":"default","site-content-layout":"","ast-site-content-layout":"","site-content-style":"default","site-sidebar-style":"default","ast-global-header-display":"","ast-banner-title-visibility":"","ast-main-header-display":"","ast-hfb-above-header-display":"","ast-hfb-below-header-display":"","ast-hfb-mobile-header-display":"","site-post-title":"","ast-breadcrumbs-content":"","ast-featured-img":"","footer-sml-layout":"","theme-transparent-header-meta":"","adv-header-id-meta":"","stick-header-meta":"","header-above-stick-meta":"","header-main-stick-meta":"","header-below-stick-meta":"","astra-migrate-meta-layouts":"default","ast-page-background-enabled":"default","ast-page-background-meta":{"desktop":{"background-color":"var(--ast-global-color-4)","background-image":"","background-repeat":"repeat","background-position":"center center","background-size":"auto","background-attachment":"scroll","background-type":"","background-media":"","overlay-type":"","overlay-color":"","overlay-opacity":"","overlay-gradient":""},"tablet":{"background-color":"","background-image":"","background-repeat":"repeat","background-position":"center center","background-size":"auto","background-attachment":"scroll","background-type":"","background-media":"","overlay-type":"","overlay-color":"","overlay-opacity":"","overlay-gradient":""},"mobile":{"background-color":"","background-image":"","background-repeat":"repeat","background-position":"center center","background-size":"auto","background-attachment":"scroll","background-type":"","background-media":"","overlay-type":"","overlay-color":"","overlay-opacity":"","overlay-gradient":""}},"ast-content-background-meta":{"desktop":{"background-color":"var(--ast-global-color-5)","background-image":"","background-repeat":"repeat","background-position":"center center","background-size":"auto","background-attachment":"scroll","background-type":"","background-media":"","overlay-type":"","overlay-color":"","overlay-opacity":"","overlay-gradient":""},"tablet":{"background-color":"var(--ast-global-color-5)","background-image":"","background-repeat":"repeat","background-position":"center center","background-size":"auto","background-attachment":"scroll","background-type":"","background-media":"","overlay-type":"","overlay-color":"","overlay-opacity":"","overlay-gradient":""},"mobile":{"background-color":"var(--ast-global-color-5)","background-image":"","background-repeat":"repeat","background-position":"center center","background-size":"auto","background-attachment":"scroll","background-type":"","background-media":"","overlay-type":"","overlay-color":"","overlay-opacity":"","overlay-gradient":""}},"footnotes":""},"categories":[13,50,48,7,1,4,5],"tags":[166,209,260],"class_list":["post-4115","post","type-post","status-publish","format-standard","hentry","category-4t","category-blocs","category-cicle-mitja","category-families","category-general","category-portada","category-primaria","tag-activitats","tag-cicle-mitja","tag-coronavirus"],"post_mailing_queue_ids":[],"_links":{"self":[{"href":"https:\/\/agora.xtec.cat\/ceip-ferra\/wp-json\/wp\/v2\/posts\/4115","targetHints":{"allow":["GET"]}}],"collection":[{"href":"https:\/\/agora.xtec.cat\/ceip-ferra\/wp-json\/wp\/v2\/posts"}],"about":[{"href":"https:\/\/agora.xtec.cat\/ceip-ferra\/wp-json\/wp\/v2\/types\/post"}],"author":[{"embeddable":true,"href":"https:\/\/agora.xtec.cat\/ceip-ferra\/wp-json\/wp\/v2\/users\/5"}],"replies":[{"embeddable":true,"href":"https:\/\/agora.xtec.cat\/ceip-ferra\/wp-json\/wp\/v2\/comments?post=4115"}],"version-history":[{"count":2,"href":"https:\/\/agora.xtec.cat\/ceip-ferra\/wp-json\/wp\/v2\/posts\/4115\/revisions"}],"predecessor-version":[{"id":4160,"href":"https:\/\/agora.xtec.cat\/ceip-ferra\/wp-json\/wp\/v2\/posts\/4115\/revisions\/4160"}],"wp:attachment":[{"href":"https:\/\/agora.xtec.cat\/ceip-ferra\/wp-json\/wp\/v2\/media?parent=4115"}],"wp:term":[{"taxonomy":"category","embeddable":true,"href":"https:\/\/agora.xtec.cat\/ceip-ferra\/wp-json\/wp\/v2\/categories?post=4115"},{"taxonomy":"post_tag","embeddable":true,"href":"https:\/\/agora.xtec.cat\/ceip-ferra\/wp-json\/wp\/v2\/tags?post=4115"}],"curies":[{"name":"wp","href":"https:\/\/api.w.org\/{rel}","templated":true}]}}