{"id":10109,"date":"2026-04-26T21:30:50","date_gmt":"2026-04-26T19:30:50","guid":{"rendered":"https:\/\/agora.xtec.cat\/ceip-ferra\/?p=10109"},"modified":"2026-04-26T21:30:50","modified_gmt":"2026-04-26T19:30:50","slug":"aprendre-a-laire-lliure","status":"publish","type":"post","link":"https:\/\/agora.xtec.cat\/ceip-ferra\/general\/aprendre-a-laire-lliure\/","title":{"rendered":"Aprendre a l\u2019aire lliure"},"content":{"rendered":"<p data-start=\"192\" data-end=\"489\">Sota l\u2019ombra d\u2019un ametller, els nens i nenes de l\u2019escola transformen un espai natural en una aula plena de vida, curiositat i descobertes. El bosc mediterrani del nostre centre esdev\u00e9 un punt de trobada on l\u2019aprenentatge pren un sentit especial, connectat amb l\u2019entorn i amb l\u2019experi\u00e8ncia directa.<\/p>\n<p data-start=\"491\" data-end=\"845\">Treballar a l\u2019aire lliure ens ofereix l\u2019oportunitat d\u2019aprendre d\u2019una manera <strong data-start=\"567\" data-end=\"596\">vivencial i significativa<\/strong>. Els infants observen, exploren, toquen, es fan preguntes i construeixen coneixement a partir del contacte directe amb la natura. Aquest entorn desperta la curiositat de manera espont\u00e0nia i afavoreix actituds de respecte i cura cap al medi ambient.<\/p>\n<p data-start=\"847\" data-end=\"1100\">A m\u00e9s, sortir de l\u2019aula permet aprendre des d\u2019una altra perspectiva. El bosc convida a moure\u2019s, a investigar, a compartir i a mirar el m\u00f3n amb uns altres ulls. Cada fulla, cada pedra o cada rac\u00f3 es converteix en una oportunitat per descobrir i aprendre.<\/p>\n<p data-start=\"1102\" data-end=\"1383\">Aquestes experi\u00e8ncies ens recorden que l\u2019aprenentatge m\u00e9s valu\u00f3s \u00e9s aquell que <strong data-start=\"1181\" data-end=\"1210\">es viu en primera persona<\/strong>. Quan els infants connecten amb el seu entorn proper, no nom\u00e9s adquireixen coneixements, sin\u00f3 que tamb\u00e9 desenvolupen la sensibilitat, la curiositat i el gaudi per aprendre.<\/p>\n<p data-start=\"1102\" data-end=\"1383\"><strong data-start=\"1387\" data-end=\"1484\" data-is-last-node=\"\">Perqu\u00e8 quan l\u2019aula surt a l\u2019exterior, el m\u00f3n es converteix en el millor llibre per descobrir.<\/strong><\/p>\n<p data-start=\"1102\" data-end=\"1383\"><a href=\"https:\/\/agora.xtec.cat\/ceip-ferra\/wp-content\/uploads\/usu925\/2026\/04\/1776665482358.jpg\"><img loading=\"lazy\" decoding=\"async\" class=\"aligncenter size-large wp-image-10110\" src=\"https:\/\/agora.xtec.cat\/ceip-ferra\/wp-content\/uploads\/usu925\/2026\/04\/1776665482358-1024x768.jpg\" alt=\"\" width=\"1024\" height=\"768\" srcset=\"https:\/\/agora.xtec.cat\/ceip-ferra\/wp-content\/uploads\/usu925\/2026\/04\/1776665482358-1024x768.jpg 1024w, https:\/\/agora.xtec.cat\/ceip-ferra\/wp-content\/uploads\/usu925\/2026\/04\/1776665482358-300x225.jpg 300w, https:\/\/agora.xtec.cat\/ceip-ferra\/wp-content\/uploads\/usu925\/2026\/04\/1776665482358-768x576.jpg 768w, https:\/\/agora.xtec.cat\/ceip-ferra\/wp-content\/uploads\/usu925\/2026\/04\/1776665482358-1536x1152.jpg 1536w, https:\/\/agora.xtec.cat\/ceip-ferra\/wp-content\/uploads\/usu925\/2026\/04\/1776665482358.jpg 1600w\" sizes=\"auto, (max-width: 1024px) 100vw, 1024px\" \/><\/a> <a href=\"https:\/\/agora.xtec.cat\/ceip-ferra\/wp-content\/uploads\/usu925\/2026\/04\/1776665482373.jpg\"><img loading=\"lazy\" decoding=\"async\" class=\"aligncenter size-large wp-image-10111\" src=\"https:\/\/agora.xtec.cat\/ceip-ferra\/wp-content\/uploads\/usu925\/2026\/04\/1776665482373-1024x768.jpg\" alt=\"\" width=\"1024\" height=\"768\" srcset=\"https:\/\/agora.xtec.cat\/ceip-ferra\/wp-content\/uploads\/usu925\/2026\/04\/1776665482373-1024x768.jpg 1024w, https:\/\/agora.xtec.cat\/ceip-ferra\/wp-content\/uploads\/usu925\/2026\/04\/1776665482373-300x225.jpg 300w, https:\/\/agora.xtec.cat\/ceip-ferra\/wp-content\/uploads\/usu925\/2026\/04\/1776665482373-768x576.jpg 768w, https:\/\/agora.xtec.cat\/ceip-ferra\/wp-content\/uploads\/usu925\/2026\/04\/1776665482373-1536x1152.jpg 1536w, https:\/\/agora.xtec.cat\/ceip-ferra\/wp-content\/uploads\/usu925\/2026\/04\/1776665482373.jpg 1600w\" sizes=\"auto, (max-width: 1024px) 100vw, 1024px\" \/><\/a><\/p>\n","protected":false},"excerpt":{"rendered":"<p>Sota l\u2019ombra d\u2019un ametller, els nens i nenes de l\u2019escola transformen un espai natural en una aula plena de vida, curiositat i descobertes. El bosc mediterrani del nostre centre esdev\u00e9 un punt de trobada on l\u2019aprenentatge pren un sentit especial, connectat amb l\u2019entorn i amb l\u2019experi\u00e8ncia directa. Treballar a l\u2019aire lliure ens ofereix l\u2019oportunitat d\u2019aprendre [&hellip;]<\/p>\n","protected":false},"author":25,"featured_media":10111,"comment_status":"open","ping_status":"open","sticky":false,"template":"","format":"standard","meta":{"_bbp_topic_count":0,"_bbp_reply_count":0,"_bbp_total_topic_count":0,"_bbp_total_reply_count":0,"_bbp_voice_count":0,"_bbp_anonymous_reply_count":0,"_bbp_topic_count_hidden":0,"_bbp_reply_count_hidden":0,"_bbp_forum_subforum_count":0,"site-sidebar-layout":"default","site-content-layout":"","ast-site-content-layout":"default","site-content-style":"default","site-sidebar-style":"default","ast-global-header-display":"","ast-banner-title-visibility":"","ast-main-header-display":"","ast-hfb-above-header-display":"","ast-hfb-below-header-display":"","ast-hfb-mobile-header-display":"","site-post-title":"","ast-breadcrumbs-content":"","ast-featured-img":"","footer-sml-layout":"","theme-transparent-header-meta":"default","adv-header-id-meta":"","stick-header-meta":"","header-above-stick-meta":"","header-main-stick-meta":"","header-below-stick-meta":"","astra-migrate-meta-layouts":"set","ast-page-background-enabled":"default","ast-page-background-meta":{"desktop":{"background-color":"var(--ast-global-color-4)","background-image":"","background-repeat":"repeat","background-position":"center center","background-size":"auto","background-attachment":"scroll","background-type":"","background-media":"","overlay-type":"","overlay-color":"","overlay-opacity":"","overlay-gradient":""},"tablet":{"background-color":"","background-image":"","background-repeat":"repeat","background-position":"center center","background-size":"auto","background-attachment":"scroll","background-type":"","background-media":"","overlay-type":"","overlay-color":"","overlay-opacity":"","overlay-gradient":""},"mobile":{"background-color":"","background-image":"","background-repeat":"repeat","background-position":"center center","background-size":"auto","background-attachment":"scroll","background-type":"","background-media":"","overlay-type":"","overlay-color":"","overlay-opacity":"","overlay-gradient":""}},"ast-content-background-meta":{"desktop":{"background-color":"var(--ast-global-color-5)","background-image":"","background-repeat":"repeat","background-position":"center center","background-size":"auto","background-attachment":"scroll","background-type":"","background-media":"","overlay-type":"","overlay-color":"","overlay-opacity":"","overlay-gradient":""},"tablet":{"background-color":"var(--ast-global-color-5)","background-image":"","background-repeat":"repeat","background-position":"center center","background-size":"auto","background-attachment":"scroll","background-type":"","background-media":"","overlay-type":"","overlay-color":"","overlay-opacity":"","overlay-gradient":""},"mobile":{"background-color":"var(--ast-global-color-5)","background-image":"","background-repeat":"repeat","background-position":"center center","background-size":"auto","background-attachment":"scroll","background-type":"","background-media":"","overlay-type":"","overlay-color":"","overlay-opacity":"","overlay-gradient":""}},"footnotes":""},"categories":[10,11,50,47,1,4,5],"tags":[109,106,166,341,101,361],"class_list":["post-10109","post","type-post","status-publish","format-standard","has-post-thumbnail","hentry","category-1r","category-2n","category-blocs","category-cicle-inicial","category-general","category-portada","category-primaria","tag-1r","tag-2n","tag-activitats","tag-aprenentatge","tag-cicle-inicial","tag-experimentar"],"post_mailing_queue_ids":[],"_links":{"self":[{"href":"https:\/\/agora.xtec.cat\/ceip-ferra\/wp-json\/wp\/v2\/posts\/10109","targetHints":{"allow":["GET"]}}],"collection":[{"href":"https:\/\/agora.xtec.cat\/ceip-ferra\/wp-json\/wp\/v2\/posts"}],"about":[{"href":"https:\/\/agora.xtec.cat\/ceip-ferra\/wp-json\/wp\/v2\/types\/post"}],"author":[{"embeddable":true,"href":"https:\/\/agora.xtec.cat\/ceip-ferra\/wp-json\/wp\/v2\/users\/25"}],"replies":[{"embeddable":true,"href":"https:\/\/agora.xtec.cat\/ceip-ferra\/wp-json\/wp\/v2\/comments?post=10109"}],"version-history":[{"count":1,"href":"https:\/\/agora.xtec.cat\/ceip-ferra\/wp-json\/wp\/v2\/posts\/10109\/revisions"}],"predecessor-version":[{"id":10112,"href":"https:\/\/agora.xtec.cat\/ceip-ferra\/wp-json\/wp\/v2\/posts\/10109\/revisions\/10112"}],"wp:featuredmedia":[{"embeddable":true,"href":"https:\/\/agora.xtec.cat\/ceip-ferra\/wp-json\/wp\/v2\/media\/10111"}],"wp:attachment":[{"href":"https:\/\/agora.xtec.cat\/ceip-ferra\/wp-json\/wp\/v2\/media?parent=10109"}],"wp:term":[{"taxonomy":"category","embeddable":true,"href":"https:\/\/agora.xtec.cat\/ceip-ferra\/wp-json\/wp\/v2\/categories?post=10109"},{"taxonomy":"post_tag","embeddable":true,"href":"https:\/\/agora.xtec.cat\/ceip-ferra\/wp-json\/wp\/v2\/tags?post=10109"}],"curies":[{"name":"wp","href":"https:\/\/api.w.org\/{rel}","templated":true}]}}