{"id":9938,"date":"2022-02-03T17:38:09","date_gmt":"2022-02-03T16:38:09","guid":{"rendered":"https:\/\/agora.xtec.cat\/ceip-falba\/?p=9938"},"modified":"2023-02-24T23:58:05","modified_gmt":"2023-02-24T22:58:05","slug":"p4-auditori-de-terrassa","status":"publish","type":"post","link":"https:\/\/agora.xtec.cat\/ceip-falba\/general\/p4-auditori-de-terrassa\/","title":{"rendered":"P4- Auditori de Terrassa"},"content":{"rendered":"<p>Els infants de la Comunitat Petita hem agafat l&#8217;autocar per anar al Auditori Municipal de Terrassa per veure un espectacle de llums, colors i m\u00fasica! Ens han cantat can\u00e7ons tradicionals fent \u00fas de diferents instruments de m\u00fasica! Hem gaudit molt!!<\/p>\n<p>En el seg\u00fcent enlla\u00e7 deixem les fotos:<\/p>\n<p><a href=\"https:\/\/photos.app.goo.gl\/CgDiB5JdPiXKf2vg6\">https:\/\/photos.app.goo.gl\/CgDiB5JdPiXKf2vg6<\/a><\/p>\n<p><a href=\"https:\/\/agora.xtec.cat\/ceip-falba\/wp-content\/uploads\/usu658\/2022\/02\/IMG_8720.jpg\"><img loading=\"lazy\" decoding=\"async\" class=\"alignnone size-large wp-image-9939\" src=\"https:\/\/agora.xtec.cat\/ceip-falba\/wp-content\/uploads\/usu658\/2022\/02\/IMG_8720-1024x768.jpg\" alt=\"\" width=\"1024\" height=\"768\" srcset=\"https:\/\/agora.xtec.cat\/ceip-falba\/wp-content\/uploads\/usu658\/2022\/02\/IMG_8720-1024x768.jpg 1024w, https:\/\/agora.xtec.cat\/ceip-falba\/wp-content\/uploads\/usu658\/2022\/02\/IMG_8720-300x225.jpg 300w, https:\/\/agora.xtec.cat\/ceip-falba\/wp-content\/uploads\/usu658\/2022\/02\/IMG_8720-768x576.jpg 768w, https:\/\/agora.xtec.cat\/ceip-falba\/wp-content\/uploads\/usu658\/2022\/02\/IMG_8720-1536x1152.jpg 1536w, https:\/\/agora.xtec.cat\/ceip-falba\/wp-content\/uploads\/usu658\/2022\/02\/IMG_8720-200x150.jpg 200w, https:\/\/agora.xtec.cat\/ceip-falba\/wp-content\/uploads\/usu658\/2022\/02\/IMG_8720.jpg 2016w\" sizes=\"auto, (max-width: 1024px) 100vw, 1024px\" \/><\/a><\/p>\n","protected":false},"excerpt":{"rendered":"<p>Els infants de la Comunitat Petita hem agafat l&#8217;autocar per anar al Auditori Municipal de Terrassa per veure un espectacle de llums, colors i m\u00fasica! Ens han cantat can\u00e7ons tradicionals fent \u00fas de diferents instruments de m\u00fasica! Hem gaudit molt!!<br \/>\nEn el seg\u00fcent enlla\u00e7 deixem les&hellip;  <a href=\"https:\/\/agora.xtec.cat\/ceip-falba\/general\/p4-auditori-de-terrassa\/\" title=\"Read P4- Auditori de Terrassa\">Llegeix m\u00e9s\u00bb<\/a><\/p>\n","protected":false},"author":71,"featured_media":9939,"comment_status":"closed","ping_status":"closed","sticky":false,"template":"","format":"standard","meta":{"_bbp_topic_count":0,"_bbp_reply_count":0,"_bbp_total_topic_count":0,"_bbp_total_reply_count":0,"_bbp_voice_count":0,"_bbp_anonymous_reply_count":0,"_bbp_topic_count_hidden":0,"_bbp_reply_count_hidden":0,"_bbp_forum_subforum_count":0,"footnotes":""},"categories":[340,388,1,8,2,34,4,427],"tags":[],"class_list":["post-9938","post","type-post","status-publish","format-standard","has-post-thumbnail","hentry","category-comunitat-de-petits","category-curs-2021-2022","category-general","category-p4","category-infantil","category-musica","category-portada","category-sortida"],"post_mailing_queue_ids":[],"_links":{"self":[{"href":"https:\/\/agora.xtec.cat\/ceip-falba\/wp-json\/wp\/v2\/posts\/9938","targetHints":{"allow":["GET"]}}],"collection":[{"href":"https:\/\/agora.xtec.cat\/ceip-falba\/wp-json\/wp\/v2\/posts"}],"about":[{"href":"https:\/\/agora.xtec.cat\/ceip-falba\/wp-json\/wp\/v2\/types\/post"}],"author":[{"embeddable":true,"href":"https:\/\/agora.xtec.cat\/ceip-falba\/wp-json\/wp\/v2\/users\/71"}],"replies":[{"embeddable":true,"href":"https:\/\/agora.xtec.cat\/ceip-falba\/wp-json\/wp\/v2\/comments?post=9938"}],"version-history":[{"count":2,"href":"https:\/\/agora.xtec.cat\/ceip-falba\/wp-json\/wp\/v2\/posts\/9938\/revisions"}],"predecessor-version":[{"id":9941,"href":"https:\/\/agora.xtec.cat\/ceip-falba\/wp-json\/wp\/v2\/posts\/9938\/revisions\/9941"}],"wp:featuredmedia":[{"embeddable":true,"href":"https:\/\/agora.xtec.cat\/ceip-falba\/wp-json\/wp\/v2\/media\/9939"}],"wp:attachment":[{"href":"https:\/\/agora.xtec.cat\/ceip-falba\/wp-json\/wp\/v2\/media?parent=9938"}],"wp:term":[{"taxonomy":"category","embeddable":true,"href":"https:\/\/agora.xtec.cat\/ceip-falba\/wp-json\/wp\/v2\/categories?post=9938"},{"taxonomy":"post_tag","embeddable":true,"href":"https:\/\/agora.xtec.cat\/ceip-falba\/wp-json\/wp\/v2\/tags?post=9938"}],"curies":[{"name":"wp","href":"https:\/\/api.w.org\/{rel}","templated":true}]}}