{"id":9834,"date":"2022-01-14T14:55:44","date_gmt":"2022-01-14T13:55:44","guid":{"rendered":"https:\/\/agora.xtec.cat\/ceip-falba\/?p=9834"},"modified":"2022-01-14T14:55:44","modified_gmt":"2022-01-14T13:55:44","slug":"taller-de-catala-per-a-families","status":"publish","type":"post","link":"https:\/\/agora.xtec.cat\/ceip-falba\/portada\/taller-de-catala-per-a-families\/","title":{"rendered":"Taller de catal\u00e0 per a fam\u00edlies"},"content":{"rendered":"<p>&nbsp;<\/p>\n<p style=\"text-align: center;\"><strong>Com cada any, l\u2019AFA i l\u2019Escola, junt amb el Pla Educatiu d\u2019entorn del Districte 6 de Terrassa, ha iniciat el taller de catal\u00e0 per a fam\u00edlies. <\/strong><\/p>\n<p style=\"text-align: center;\"><strong>Com molts ja sabeu \u00e9s una de les activitats que fa m\u00e9s anys que fem i segueix tenint un gran \u00e8xit de participaci\u00f3 i acollida.<\/strong><\/p>\n<p style=\"text-align: center;\"><a href=\"https:\/\/agora.xtec.cat\/ceip-falba\/wp-content\/uploads\/usu658\/2022\/01\/2022_Catala.jpg\"><img loading=\"lazy\" decoding=\"async\" class=\"alignnone wp-image-9835\" src=\"https:\/\/agora.xtec.cat\/ceip-falba\/wp-content\/uploads\/usu658\/2022\/01\/2022_Catala-1024x1024.jpg\" alt=\"\" width=\"496\" height=\"496\" srcset=\"https:\/\/agora.xtec.cat\/ceip-falba\/wp-content\/uploads\/usu658\/2022\/01\/2022_Catala-1024x1024.jpg 1024w, https:\/\/agora.xtec.cat\/ceip-falba\/wp-content\/uploads\/usu658\/2022\/01\/2022_Catala-300x300.jpg 300w, https:\/\/agora.xtec.cat\/ceip-falba\/wp-content\/uploads\/usu658\/2022\/01\/2022_Catala-150x150.jpg 150w, https:\/\/agora.xtec.cat\/ceip-falba\/wp-content\/uploads\/usu658\/2022\/01\/2022_Catala-768x768.jpg 768w, https:\/\/agora.xtec.cat\/ceip-falba\/wp-content\/uploads\/usu658\/2022\/01\/2022_Catala-1536x1536.jpg 1536w, https:\/\/agora.xtec.cat\/ceip-falba\/wp-content\/uploads\/usu658\/2022\/01\/2022_Catala.jpg 2048w\" sizes=\"auto, (max-width: 496px) 100vw, 496px\" \/><\/a><\/p>\n","protected":false},"excerpt":{"rendered":"<p>Com cada any, l\u2019AFA i l\u2019Escola, junt amb el Pla Educatiu d\u2019entorn del Districte 6 de Terrassa, ha iniciat el taller de catal\u00e0 per a fam\u00edlies.<\/p>\n<p>Com molts ja sabeu \u00e9s una de les activitats que fa m\u00e9s anys que fem i segueix tenint un gran \u00e8xit de participaci\u00f3 i acollida.&hellip;  <a href=\"https:\/\/agora.xtec.cat\/ceip-falba\/portada\/taller-de-catala-per-a-families\/\" title=\"Read Taller de catal\u00e0 per a fam\u00edlies\">Llegeix m\u00e9s\u00bb<\/a><\/p>\n","protected":false},"author":6,"featured_media":9835,"comment_status":"closed","ping_status":"closed","sticky":false,"template":"","format":"standard","meta":{"_bbp_topic_count":0,"_bbp_reply_count":0,"_bbp_total_topic_count":0,"_bbp_total_reply_count":0,"_bbp_voice_count":0,"_bbp_anonymous_reply_count":0,"_bbp_topic_count_hidden":0,"_bbp_reply_count_hidden":0,"_bbp_forum_subforum_count":0,"footnotes":""},"categories":[7,388,4],"tags":[242,408,86],"class_list":["post-9834","post","type-post","status-publish","format-standard","has-post-thumbnail","hentry","category-ampa","category-curs-2021-2022","category-portada","tag-afa","tag-curs-2021-2022","tag-curs-catala"],"post_mailing_queue_ids":[],"_links":{"self":[{"href":"https:\/\/agora.xtec.cat\/ceip-falba\/wp-json\/wp\/v2\/posts\/9834","targetHints":{"allow":["GET"]}}],"collection":[{"href":"https:\/\/agora.xtec.cat\/ceip-falba\/wp-json\/wp\/v2\/posts"}],"about":[{"href":"https:\/\/agora.xtec.cat\/ceip-falba\/wp-json\/wp\/v2\/types\/post"}],"author":[{"embeddable":true,"href":"https:\/\/agora.xtec.cat\/ceip-falba\/wp-json\/wp\/v2\/users\/6"}],"replies":[{"embeddable":true,"href":"https:\/\/agora.xtec.cat\/ceip-falba\/wp-json\/wp\/v2\/comments?post=9834"}],"version-history":[{"count":3,"href":"https:\/\/agora.xtec.cat\/ceip-falba\/wp-json\/wp\/v2\/posts\/9834\/revisions"}],"predecessor-version":[{"id":9838,"href":"https:\/\/agora.xtec.cat\/ceip-falba\/wp-json\/wp\/v2\/posts\/9834\/revisions\/9838"}],"wp:featuredmedia":[{"embeddable":true,"href":"https:\/\/agora.xtec.cat\/ceip-falba\/wp-json\/wp\/v2\/media\/9835"}],"wp:attachment":[{"href":"https:\/\/agora.xtec.cat\/ceip-falba\/wp-json\/wp\/v2\/media?parent=9834"}],"wp:term":[{"taxonomy":"category","embeddable":true,"href":"https:\/\/agora.xtec.cat\/ceip-falba\/wp-json\/wp\/v2\/categories?post=9834"},{"taxonomy":"post_tag","embeddable":true,"href":"https:\/\/agora.xtec.cat\/ceip-falba\/wp-json\/wp\/v2\/tags?post=9834"}],"curies":[{"name":"wp","href":"https:\/\/api.w.org\/{rel}","templated":true}]}}