{"id":9812,"date":"2021-12-21T20:38:58","date_gmt":"2021-12-21T19:38:58","guid":{"rendered":"https:\/\/agora.xtec.cat\/ceip-falba\/?p=9812"},"modified":"2021-12-22T12:57:12","modified_gmt":"2021-12-22T11:57:12","slug":"trobada-dhivern-el-concert","status":"publish","type":"post","link":"https:\/\/agora.xtec.cat\/ceip-falba\/general\/trobada-dhivern-el-concert\/","title":{"rendered":"Trobada d&#8217;hivern &#8211; El concert"},"content":{"rendered":"<p>Estimades fam\u00edlies!<\/p>\n<p>Us deixem un petit tastet d&#8217;una de les activitats de la Trobada d&#8217;hivern que hem dut a terme aquests dies: el concert.<\/p>\n<p>Comen\u00e7ant per un recull original, divertit i musicalment especial que ha creat un exalumne de l&#8217;escola, el Biel amb diferents dibuixos dels infants de l&#8217;escola. Amb aquesta proposta digital, l&#8217;escola us vol enviar una postal feta per diferents nens i nenes de l&#8217;escola desitjant-vos molt Bones Festes!! Moltes gr\u00e0cies, Biel!<\/p>\n<p>Despr\u00e9s, tindreu les diferents actuacions que els infants de la comunitat petita i mitjana han fet a l&#8217;auditori cantant can\u00e7ons molt diferents i divertides. Esperem que aquesta feina que han preparat amb molta il\u00b7lusi\u00f3 us pugui arribar i, tot i no poder ser-hi presents aquest any per la situaci\u00f3 que vivim, la pugueu gaudir igual que sempre.<\/p>\n<p>Al final del v\u00eddeo els mestres de l&#8217;escola Font de l&#8217;Alba interpretem amb moviments la can\u00e7\u00f3 &#8220;Regala Petons&#8221;.<\/p>\n<p>Quan fem m\u00fasica \u00e9s molt especial i si ho fem junts, encara m\u00e9s!<\/p>\n<p>&nbsp;<\/p>\n<p style=\"text-align: center;\"><iframe loading=\"lazy\" src=\"\/\/www.youtube.com\/embed\/lsNtscT5dz8\" width=\"560\" height=\"314\" allowfullscreen=\"allowfullscreen\"><\/iframe><\/p>\n","protected":false},"excerpt":{"rendered":"<p>Us deixem un petit tastet d&#8217;una de les activitats de la Trobada d&#8217;hivern que hem dut a terme aquests dies: el concert.&hellip;  <a href=\"https:\/\/agora.xtec.cat\/ceip-falba\/general\/trobada-dhivern-el-concert\/\" title=\"Read Trobada d&#8217;hivern &#8211; El concert\">Llegeix m\u00e9s\u00bb<\/a><\/p>\n","protected":false},"author":92,"featured_media":9798,"comment_status":"closed","ping_status":"closed","sticky":false,"template":"","format":"standard","meta":{"_bbp_topic_count":0,"_bbp_reply_count":0,"_bbp_total_topic_count":0,"_bbp_total_reply_count":0,"_bbp_voice_count":0,"_bbp_anonymous_reply_count":0,"_bbp_topic_count_hidden":0,"_bbp_reply_count_hidden":0,"_bbp_forum_subforum_count":0,"footnotes":""},"categories":[10,11,12,340,388,35,1,3,8,9,2,34,157,4],"tags":[],"class_list":["post-9812","post","type-post","status-publish","format-standard","has-post-thumbnail","hentry","category-1r","category-2n","category-3r","category-comunitat-de-petits","category-curs-2021-2022","category-festes","category-general","category-p3","category-p4","category-p5","category-infantil","category-musica","category-nadal","category-portada"],"post_mailing_queue_ids":[],"_links":{"self":[{"href":"https:\/\/agora.xtec.cat\/ceip-falba\/wp-json\/wp\/v2\/posts\/9812","targetHints":{"allow":["GET"]}}],"collection":[{"href":"https:\/\/agora.xtec.cat\/ceip-falba\/wp-json\/wp\/v2\/posts"}],"about":[{"href":"https:\/\/agora.xtec.cat\/ceip-falba\/wp-json\/wp\/v2\/types\/post"}],"author":[{"embeddable":true,"href":"https:\/\/agora.xtec.cat\/ceip-falba\/wp-json\/wp\/v2\/users\/92"}],"replies":[{"embeddable":true,"href":"https:\/\/agora.xtec.cat\/ceip-falba\/wp-json\/wp\/v2\/comments?post=9812"}],"version-history":[{"count":2,"href":"https:\/\/agora.xtec.cat\/ceip-falba\/wp-json\/wp\/v2\/posts\/9812\/revisions"}],"predecessor-version":[{"id":9814,"href":"https:\/\/agora.xtec.cat\/ceip-falba\/wp-json\/wp\/v2\/posts\/9812\/revisions\/9814"}],"wp:featuredmedia":[{"embeddable":true,"href":"https:\/\/agora.xtec.cat\/ceip-falba\/wp-json\/wp\/v2\/media\/9798"}],"wp:attachment":[{"href":"https:\/\/agora.xtec.cat\/ceip-falba\/wp-json\/wp\/v2\/media?parent=9812"}],"wp:term":[{"taxonomy":"category","embeddable":true,"href":"https:\/\/agora.xtec.cat\/ceip-falba\/wp-json\/wp\/v2\/categories?post=9812"},{"taxonomy":"post_tag","embeddable":true,"href":"https:\/\/agora.xtec.cat\/ceip-falba\/wp-json\/wp\/v2\/tags?post=9812"}],"curies":[{"name":"wp","href":"https:\/\/api.w.org\/{rel}","templated":true}]}}