{"id":9777,"date":"2021-12-12T21:21:37","date_gmt":"2021-12-12T20:21:37","guid":{"rendered":"https:\/\/agora.xtec.cat\/ceip-falba\/?p=9777"},"modified":"2023-02-24T23:09:35","modified_gmt":"2023-02-24T22:09:35","slug":"que-es-el-cmiat-erik-rando","status":"publish","type":"post","link":"https:\/\/agora.xtec.cat\/ceip-falba\/general\/que-es-el-cmiat-erik-rando\/","title":{"rendered":"QU\u00c8 \u00c9S EL CMIAT? ERIK RANDO"},"content":{"rendered":"<p>En aquest v\u00eddeo, l&#8217;Erik Rando, representant de sis\u00e8 al CMIAT, ens explica amb molts detalls qu\u00e8 \u00e9s el Consell Municipal de la Inf\u00e0ncia i l&#8217;Adolesc\u00e8ncia de Terrassa<\/p>\n<p>&nbsp;<\/p>\n<p style=\"text-align: center;\"><iframe loading=\"lazy\" src=\"\/\/www.youtube.com\/embed\/ZgdOaB1rsc8\" width=\"560\" height=\"314\" allowfullscreen=\"allowfullscreen\"><\/iframe><\/p>\n","protected":false},"excerpt":{"rendered":"<p>En aquest v\u00eddeo, l&#8217;Erik Rando, representant de sis\u00e8 al CMIAT, ens explica amb molts detalls qu\u00e8 \u00e9s el Consell Municipal de la Inf\u00e0ncia i l&#8217;Adolesc\u00e8ncia  de Terrassa&hellip;  <a href=\"https:\/\/agora.xtec.cat\/ceip-falba\/general\/que-es-el-cmiat-erik-rando\/\" title=\"Read QU\u00c8 \u00c9S EL CMIAT? ERIK RANDO\">Llegeix m\u00e9s\u00bb<\/a><\/p>\n","protected":false},"author":20,"featured_media":9778,"comment_status":"closed","ping_status":"closed","sticky":false,"template":"","format":"standard","meta":{"_bbp_topic_count":0,"_bbp_reply_count":0,"_bbp_total_topic_count":0,"_bbp_total_reply_count":0,"_bbp_voice_count":0,"_bbp_anonymous_reply_count":0,"_bbp_topic_count_hidden":0,"_bbp_reply_count_hidden":0,"_bbp_forum_subforum_count":0,"footnotes":""},"categories":[14,15,456,388,26,1,411,4],"tags":[],"class_list":["post-9777","post","type-post","status-publish","format-standard","has-post-thumbnail","hentry","category-5e","category-6e","category-cmiat","category-curs-2021-2022","category-fonttv","category-general","category-participacio-alumnat","category-portada"],"post_mailing_queue_ids":[],"_links":{"self":[{"href":"https:\/\/agora.xtec.cat\/ceip-falba\/wp-json\/wp\/v2\/posts\/9777","targetHints":{"allow":["GET"]}}],"collection":[{"href":"https:\/\/agora.xtec.cat\/ceip-falba\/wp-json\/wp\/v2\/posts"}],"about":[{"href":"https:\/\/agora.xtec.cat\/ceip-falba\/wp-json\/wp\/v2\/types\/post"}],"author":[{"embeddable":true,"href":"https:\/\/agora.xtec.cat\/ceip-falba\/wp-json\/wp\/v2\/users\/20"}],"replies":[{"embeddable":true,"href":"https:\/\/agora.xtec.cat\/ceip-falba\/wp-json\/wp\/v2\/comments?post=9777"}],"version-history":[{"count":2,"href":"https:\/\/agora.xtec.cat\/ceip-falba\/wp-json\/wp\/v2\/posts\/9777\/revisions"}],"predecessor-version":[{"id":9883,"href":"https:\/\/agora.xtec.cat\/ceip-falba\/wp-json\/wp\/v2\/posts\/9777\/revisions\/9883"}],"wp:featuredmedia":[{"embeddable":true,"href":"https:\/\/agora.xtec.cat\/ceip-falba\/wp-json\/wp\/v2\/media\/9778"}],"wp:attachment":[{"href":"https:\/\/agora.xtec.cat\/ceip-falba\/wp-json\/wp\/v2\/media?parent=9777"}],"wp:term":[{"taxonomy":"category","embeddable":true,"href":"https:\/\/agora.xtec.cat\/ceip-falba\/wp-json\/wp\/v2\/categories?post=9777"},{"taxonomy":"post_tag","embeddable":true,"href":"https:\/\/agora.xtec.cat\/ceip-falba\/wp-json\/wp\/v2\/tags?post=9777"}],"curies":[{"name":"wp","href":"https:\/\/api.w.org\/{rel}","templated":true}]}}