{"id":9719,"date":"2021-11-30T13:41:00","date_gmt":"2021-11-30T12:41:00","guid":{"rendered":"https:\/\/agora.xtec.cat\/ceip-falba\/?p=9719"},"modified":"2023-02-25T00:14:01","modified_gmt":"2023-02-24T23:14:01","slug":"fotografia-artistica-la-revolucio-industrial","status":"publish","type":"post","link":"https:\/\/agora.xtec.cat\/ceip-falba\/general\/fotografia-artistica-la-revolucio-industrial\/","title":{"rendered":"FOTOGRAFIA ART\u00cdSTICA: &#8220;LA REVOLUCI\u00d3 INDUSTRIAL&#8221;"},"content":{"rendered":"<p dir=\"ltr\"><a href=\"https:\/\/agora.xtec.cat\/ceip-falba\/wp-content\/uploads\/usu658\/2021\/11\/IMG_20211126_103932-scaled.jpg\"><img loading=\"lazy\" decoding=\"async\" class=\"alignnone wp-image-9721\" src=\"https:\/\/agora.xtec.cat\/ceip-falba\/wp-content\/uploads\/usu658\/2021\/11\/IMG_20211126_103932-1024x768.jpg\" alt=\"\" width=\"450\" height=\"337\" srcset=\"https:\/\/agora.xtec.cat\/ceip-falba\/wp-content\/uploads\/usu658\/2021\/11\/IMG_20211126_103932-1024x768.jpg 1024w, https:\/\/agora.xtec.cat\/ceip-falba\/wp-content\/uploads\/usu658\/2021\/11\/IMG_20211126_103932-300x225.jpg 300w, https:\/\/agora.xtec.cat\/ceip-falba\/wp-content\/uploads\/usu658\/2021\/11\/IMG_20211126_103932-768x576.jpg 768w, https:\/\/agora.xtec.cat\/ceip-falba\/wp-content\/uploads\/usu658\/2021\/11\/IMG_20211126_103932-1536x1152.jpg 1536w, https:\/\/agora.xtec.cat\/ceip-falba\/wp-content\/uploads\/usu658\/2021\/11\/IMG_20211126_103932-2048x1536.jpg 2048w, https:\/\/agora.xtec.cat\/ceip-falba\/wp-content\/uploads\/usu658\/2021\/11\/IMG_20211126_103932-200x150.jpg 200w\" sizes=\"auto, (max-width: 450px) 100vw, 450px\" \/><\/a><\/p>\n<p dir=\"ltr\">Un cop a context de medi, hem treballat les idees principals de la revoluci\u00f3 industrial dins el context de l&#8217; \u00e8poca contempor\u00e0nia. A art, hem decidit convertir-nos en fot\u00f2grafs art\u00edstics i sortir pels carrers de Terrassa a capturar imatges en blanc i negre que ens parlin de la revoluci\u00f3 industrial. Totes les imatges de la publicaci\u00f3 i d&#8217;altres que hem exposat al nostre passad\u00eds, estan fetes pels propis alumnes de sis\u00e8. Per fer-ho, vam realitzar tot un treball de recerca sobre la fotografia art\u00edstica analitzant exemples de diferents autors.<\/p>\n<p dir=\"ltr\">Hem decidit fer les fotos en blanc i negre per dos motius:<\/p>\n<p dir=\"ltr\">En primer lloc perqu\u00e8 en l\u2019\u00e8poca no hi havien imatges en color. En segon lloc, les imatges en blanc i negre les trobem m\u00e9s art\u00edstiques.<\/p>\n<p dir=\"ltr\">Per fer-ho farem 4 equips de reporters o fot\u00f2grafs. Cadasc\u00fa s\u2019encarregar\u00e0 de fer les fotos d\u2019un d\u2019aquest elements representatius:<\/p>\n<ol>\n<li dir=\"ltr\">\n<p dir=\"ltr\" role=\"presentation\">Les Xemeneies.<\/p>\n<\/li>\n<li dir=\"ltr\">\n<p dir=\"ltr\" role=\"presentation\">El ma\u00f3 (les totxanes).<\/p>\n<\/li>\n<li dir=\"ltr\">\n<p dir=\"ltr\" role=\"presentation\">El ferro.<\/p>\n<\/li>\n<li dir=\"ltr\">\n<p dir=\"ltr\" role=\"presentation\">Els telers.<\/p>\n<\/li>\n<\/ol>\n<p><span style=\"color: #000000; font-family: Arial;\">Aqu\u00ed us deixem alguns exemples del seu treball.<\/span><\/p>\n<p>Els alumnes de 6\u00e8.<\/p>\n\r\n\t<div class=\"slideshow_container slideshow_container_style-light\" style=\"height: 300px; \" data-slideshow-id=\"9722\" data-style-name=\"style-light\" data-style-version=\"2.3.1\" >\r\n\r\n\t\t\t\t\t<div class=\"slideshow_loading_icon\"><\/div>\r\n\t\t\r\n\t\t<div class=\"slideshow_content\" style=\"display: none;\">\r\n\r\n\t\t\t<div class=\"slideshow_view\">\r\n\t\t\t\t<div class=\"slideshow_slide slideshow_slide_image\">\r\n\t\t\t\t\t\t\t\t\t\t\t<img src=\"https:\/\/agora.xtec.cat\/ceip-falba\/wp-content\/uploads\/usu658\/2021\/11\/IMG_20211126_104148-scaled.jpg\" alt=\"IMG_20211126_104148\" width=\"2560\" height=\"1920\" \/>\r\n\t\t\t\t\t\t\t\t\t\t<div class=\"slideshow_description_box slideshow_transparent\">\r\n\t\t\t\t\t\t<div class=\"slideshow_title\">IMG_20211126_104148<\/div>\t\t\t\t\t\t\t\t\t\t\t<\/div>\r\n\t\t\t\t<\/div>\r\n\r\n\t\t\t\t\t\t<div style=\"clear: both;\"><\/div><\/div><div class=\"slideshow_view\">\r\n\t\t\t\t<div class=\"slideshow_slide slideshow_slide_image\">\r\n\t\t\t\t\t\t\t\t\t\t\t<img src=\"https:\/\/agora.xtec.cat\/ceip-falba\/wp-content\/uploads\/usu658\/2021\/11\/IMG_20211126_103932-1-scaled.jpg\" alt=\"IMG_20211126_103932\" width=\"2560\" height=\"1920\" \/>\r\n\t\t\t\t\t\t\t\t\t\t<div class=\"slideshow_description_box slideshow_transparent\">\r\n\t\t\t\t\t\t<div class=\"slideshow_title\">IMG_20211126_103932<\/div>\t\t\t\t\t\t\t\t\t\t\t<\/div>\r\n\t\t\t\t<\/div>\r\n\r\n\t\t\t\t\t\t<div style=\"clear: both;\"><\/div><\/div><div class=\"slideshow_view\">\r\n\t\t\t\t<div class=\"slideshow_slide slideshow_slide_image\">\r\n\t\t\t\t\t\t\t\t\t\t\t<img src=\"https:\/\/agora.xtec.cat\/ceip-falba\/wp-content\/uploads\/usu658\/2021\/11\/IMG_20211126_103427-scaled.jpg\" alt=\"IMG_20211126_103427\" width=\"2560\" height=\"1920\" \/>\r\n\t\t\t\t\t\t\t\t\t\t<div class=\"slideshow_description_box slideshow_transparent\">\r\n\t\t\t\t\t\t<div class=\"slideshow_title\">IMG_20211126_103427<\/div>\t\t\t\t\t\t\t\t\t\t\t<\/div>\r\n\t\t\t\t<\/div>\r\n\r\n\t\t\t\t\t\t<div style=\"clear: both;\"><\/div><\/div><div class=\"slideshow_view\">\r\n\t\t\t\t<div class=\"slideshow_slide slideshow_slide_image\">\r\n\t\t\t\t\t\t\t\t\t\t\t<img src=\"https:\/\/agora.xtec.cat\/ceip-falba\/wp-content\/uploads\/usu658\/2021\/11\/IMG_20211126_103052-scaled.jpg\" alt=\"IMG_20211126_103052\" width=\"2560\" height=\"1920\" \/>\r\n\t\t\t\t\t\t\t\t\t\t<div class=\"slideshow_description_box slideshow_transparent\">\r\n\t\t\t\t\t\t<div class=\"slideshow_title\">IMG_20211126_103052<\/div>\t\t\t\t\t\t\t\t\t\t\t<\/div>\r\n\t\t\t\t<\/div>\r\n\r\n\t\t\t\t\t\t<div style=\"clear: both;\"><\/div><\/div><div class=\"slideshow_view\">\r\n\t\t\t\t<div class=\"slideshow_slide slideshow_slide_image\">\r\n\t\t\t\t\t\t\t\t\t\t\t<img src=\"https:\/\/agora.xtec.cat\/ceip-falba\/wp-content\/uploads\/usu658\/2021\/11\/IMG_20211126_103020-scaled.jpg\" alt=\"IMG_20211126_103020\" width=\"2560\" height=\"1920\" \/>\r\n\t\t\t\t\t\t\t\t\t\t<div class=\"slideshow_description_box slideshow_transparent\">\r\n\t\t\t\t\t\t<div class=\"slideshow_title\">IMG_20211126_103020<\/div>\t\t\t\t\t\t\t\t\t\t\t<\/div>\r\n\t\t\t\t<\/div>\r\n\r\n\t\t\t\t\t\t<div style=\"clear: both;\"><\/div><\/div><div class=\"slideshow_view\">\r\n\t\t\t\t<div class=\"slideshow_slide slideshow_slide_image\">\r\n\t\t\t\t\t\t\t\t\t\t\t<img src=\"https:\/\/agora.xtec.cat\/ceip-falba\/wp-content\/uploads\/usu658\/2021\/11\/IMG_20211126_102914-scaled.jpg\" alt=\"IMG_20211126_102914\" width=\"2560\" height=\"1920\" \/>\r\n\t\t\t\t\t\t\t\t\t\t<div class=\"slideshow_description_box slideshow_transparent\">\r\n\t\t\t\t\t\t<div class=\"slideshow_title\">IMG_20211126_102914<\/div>\t\t\t\t\t\t\t\t\t\t\t<\/div>\r\n\t\t\t\t<\/div>\r\n\r\n\t\t\t\t\t\t<div style=\"clear: both;\"><\/div><\/div><div class=\"slideshow_view\">\r\n\t\t\t\t<div class=\"slideshow_slide slideshow_slide_image\">\r\n\t\t\t\t\t\t\t\t\t\t\t<img src=\"https:\/\/agora.xtec.cat\/ceip-falba\/wp-content\/uploads\/usu658\/2021\/11\/IMG_20211126_102740-scaled.jpg\" alt=\"IMG_20211126_102740\" width=\"2560\" height=\"1920\" \/>\r\n\t\t\t\t\t\t\t\t\t\t<div class=\"slideshow_description_box slideshow_transparent\">\r\n\t\t\t\t\t\t<div class=\"slideshow_title\">IMG_20211126_102740<\/div>\t\t\t\t\t\t\t\t\t\t\t<\/div>\r\n\t\t\t\t<\/div>\r\n\r\n\t\t\t\t\t\t<div style=\"clear: both;\"><\/div><\/div>\r\n\t\t<\/div>\r\n\r\n\t\t<div class=\"slideshow_controlPanel slideshow_transparent\" style=\"display: none;\"><ul><li class=\"slideshow_togglePlay\" data-play-text=\"Visualitza\" data-pause-text=\"Pausa\"><\/li><\/ul><\/div>\r\n\r\n\t\t<div class=\"slideshow_button slideshow_previous slideshow_transparent\" role=\"button\" data-previous-text=\"Anterior\" style=\"display: none;\"><\/div>\r\n\t\t<div class=\"slideshow_button slideshow_next slideshow_transparent\" role=\"button\" data-next-text=\"Seg\u00fcent\" style=\"display: none;\"><\/div>\r\n\r\n\t\t<div class=\"slideshow_pagination\" style=\"display: none;\" data-go-to-text=\"V\u00e9s a la diapositiva\"><div class=\"slideshow_pagination_center\"><\/div><\/div>\r\n\r\n\t\t<!-- WordPress Slideshow Version 2.3.1 -->\r\n\r\n\t\t\t<\/div>\r\n\r\n\n<p>&nbsp;<\/p>\n<p>&nbsp;<\/p>\n","protected":false},"excerpt":{"rendered":"<p><a href=\"https:\/\/agora.xtec.cat\/ceip-falba\/wp-content\/uploads\/usu658\/2021\/11\/IMG_20211126_103932-scaled.jpg\"><\/a><br \/>\nUn cop a context de medi, hem treballat les idees principals de la revoluci\u00f3 industrial dins el context de l&#8217; \u00e8poca contempor\u00e0nia. A art, hem decidit convertir-nos en fot\u00f2grafs art\u00edstics i sortir pels carrers de Terrassa a capturar imatges en blanc i negre que&hellip;  <a href=\"https:\/\/agora.xtec.cat\/ceip-falba\/general\/fotografia-artistica-la-revolucio-industrial\/\" title=\"Read FOTOGRAFIA ART\u00cdSTICA: &#8220;LA REVOLUCI\u00d3 INDUSTRIAL&#8221;\">Llegeix m\u00e9s\u00bb<\/a><\/p>\n","protected":false},"author":72,"featured_media":9721,"comment_status":"closed","ping_status":"closed","sticky":false,"template":"","format":"standard","meta":{"_bbp_topic_count":0,"_bbp_reply_count":0,"_bbp_total_topic_count":0,"_bbp_total_reply_count":0,"_bbp_voice_count":0,"_bbp_anonymous_reply_count":0,"_bbp_topic_count_hidden":0,"_bbp_reply_count_hidden":0,"_bbp_forum_subforum_count":0,"footnotes":""},"categories":[15,453,1,4,5],"tags":[222,397,398,268,349,410,409,347],"class_list":["post-9719","post","type-post","status-publish","format-standard","has-post-thumbnail","hentry","category-6e","category-contextos-daprenentatge","category-general","category-portada","category-primaria","tag-6e","tag-6ea","tag-6eb","tag-art","tag-context","tag-fotografia-artistica","tag-revolucio-industrial","tag-terrassa"],"post_mailing_queue_ids":[],"_links":{"self":[{"href":"https:\/\/agora.xtec.cat\/ceip-falba\/wp-json\/wp\/v2\/posts\/9719","targetHints":{"allow":["GET"]}}],"collection":[{"href":"https:\/\/agora.xtec.cat\/ceip-falba\/wp-json\/wp\/v2\/posts"}],"about":[{"href":"https:\/\/agora.xtec.cat\/ceip-falba\/wp-json\/wp\/v2\/types\/post"}],"author":[{"embeddable":true,"href":"https:\/\/agora.xtec.cat\/ceip-falba\/wp-json\/wp\/v2\/users\/72"}],"replies":[{"embeddable":true,"href":"https:\/\/agora.xtec.cat\/ceip-falba\/wp-json\/wp\/v2\/comments?post=9719"}],"version-history":[{"count":3,"href":"https:\/\/agora.xtec.cat\/ceip-falba\/wp-json\/wp\/v2\/posts\/9719\/revisions"}],"predecessor-version":[{"id":9739,"href":"https:\/\/agora.xtec.cat\/ceip-falba\/wp-json\/wp\/v2\/posts\/9719\/revisions\/9739"}],"wp:featuredmedia":[{"embeddable":true,"href":"https:\/\/agora.xtec.cat\/ceip-falba\/wp-json\/wp\/v2\/media\/9721"}],"wp:attachment":[{"href":"https:\/\/agora.xtec.cat\/ceip-falba\/wp-json\/wp\/v2\/media?parent=9719"}],"wp:term":[{"taxonomy":"category","embeddable":true,"href":"https:\/\/agora.xtec.cat\/ceip-falba\/wp-json\/wp\/v2\/categories?post=9719"},{"taxonomy":"post_tag","embeddable":true,"href":"https:\/\/agora.xtec.cat\/ceip-falba\/wp-json\/wp\/v2\/tags?post=9719"}],"curies":[{"name":"wp","href":"https:\/\/api.w.org\/{rel}","templated":true}]}}