{"id":9709,"date":"2021-11-26T12:08:07","date_gmt":"2021-11-26T11:08:07","guid":{"rendered":"https:\/\/agora.xtec.cat\/ceip-falba\/?p=9709"},"modified":"2021-11-30T18:16:07","modified_gmt":"2021-11-30T17:16:07","slug":"museu-dhistoria-de-catalunya","status":"publish","type":"post","link":"https:\/\/agora.xtec.cat\/ceip-falba\/portada\/museu-dhistoria-de-catalunya\/","title":{"rendered":"Museu d&#8217;Hist\u00f2ria de Catalunya"},"content":{"rendered":"<p>Durant aquest trimestre, els alumnes de 5\u00e8 han estudiat de la l\u00ednia del temps i s&#8217;han centrat en la primera etapa: La Prehist\u00f2ria. Arrel d&#8217;aquest context, dimarts 23 de Novembre, els i les alumnes van anar a visitar el Museu d&#8217;Hist\u00f2ria de Catalunya.<\/p>\n<p>All\u00e0, van fer un recorregut per les primeres etapes de la hist\u00f2ria dels territoris que avui es coneixen com a Catalunya, centrant-se en aspectes socials i de vida quotidiana. Van visitar la prehist\u00f2ria, l\u2019arribada dels grecs i fenicis, la societat ib\u00e8rica, la dominaci\u00f3 romana i finalment els visigots.<\/p>\n<p>Clica la foto per veure algunes de les fotos de la sortida.<\/p>\n<p><a href=\"https:\/\/photos.app.goo.gl\/1yEeUuRT4BTbp26J7\"><img loading=\"lazy\" decoding=\"async\" class=\"alignnone wp-image-9742\" src=\"https:\/\/agora.xtec.cat\/ceip-falba\/wp-content\/uploads\/usu658\/2021\/11\/Captura-de-pantalla-2021-11-26-a-les-12.05.32-300x224.png\" alt=\"\" width=\"388\" height=\"290\" srcset=\"https:\/\/agora.xtec.cat\/ceip-falba\/wp-content\/uploads\/usu658\/2021\/11\/Captura-de-pantalla-2021-11-26-a-les-12.05.32-300x224.png 300w, https:\/\/agora.xtec.cat\/ceip-falba\/wp-content\/uploads\/usu658\/2021\/11\/Captura-de-pantalla-2021-11-26-a-les-12.05.32-768x573.png 768w, https:\/\/agora.xtec.cat\/ceip-falba\/wp-content\/uploads\/usu658\/2021\/11\/Captura-de-pantalla-2021-11-26-a-les-12.05.32-200x150.png 200w, https:\/\/agora.xtec.cat\/ceip-falba\/wp-content\/uploads\/usu658\/2021\/11\/Captura-de-pantalla-2021-11-26-a-les-12.05.32.png 975w\" sizes=\"auto, (max-width: 388px) 100vw, 388px\" \/><\/a><\/p>\n","protected":false},"excerpt":{"rendered":"<p>Els i les alumnes de 5\u00e8, visiten el Museu d&#8217;Hist\u00f2ria de Catalunya.&hellip;  <a href=\"https:\/\/agora.xtec.cat\/ceip-falba\/portada\/museu-dhistoria-de-catalunya\/\" title=\"Read Museu d&#8217;Hist\u00f2ria de Catalunya\">Llegeix m\u00e9s\u00bb<\/a><\/p>\n","protected":false},"author":1,"featured_media":9741,"comment_status":"closed","ping_status":"closed","sticky":false,"template":"","format":"standard","meta":{"_bbp_topic_count":0,"_bbp_reply_count":0,"_bbp_total_topic_count":0,"_bbp_total_reply_count":0,"_bbp_voice_count":0,"_bbp_anonymous_reply_count":0,"_bbp_topic_count_hidden":0,"_bbp_reply_count_hidden":0,"_bbp_forum_subforum_count":0,"footnotes":""},"categories":[14,388,4],"tags":[259,257,349],"class_list":["post-9709","post","type-post","status-publish","format-standard","has-post-thumbnail","hentry","category-5e","category-curs-2021-2022","category-portada","tag-comunitatdegrans","tag-5e","tag-context"],"post_mailing_queue_ids":[],"_links":{"self":[{"href":"https:\/\/agora.xtec.cat\/ceip-falba\/wp-json\/wp\/v2\/posts\/9709","targetHints":{"allow":["GET"]}}],"collection":[{"href":"https:\/\/agora.xtec.cat\/ceip-falba\/wp-json\/wp\/v2\/posts"}],"about":[{"href":"https:\/\/agora.xtec.cat\/ceip-falba\/wp-json\/wp\/v2\/types\/post"}],"author":[{"embeddable":true,"href":"https:\/\/agora.xtec.cat\/ceip-falba\/wp-json\/wp\/v2\/users\/1"}],"replies":[{"embeddable":true,"href":"https:\/\/agora.xtec.cat\/ceip-falba\/wp-json\/wp\/v2\/comments?post=9709"}],"version-history":[{"count":3,"href":"https:\/\/agora.xtec.cat\/ceip-falba\/wp-json\/wp\/v2\/posts\/9709\/revisions"}],"predecessor-version":[{"id":9744,"href":"https:\/\/agora.xtec.cat\/ceip-falba\/wp-json\/wp\/v2\/posts\/9709\/revisions\/9744"}],"wp:featuredmedia":[{"embeddable":true,"href":"https:\/\/agora.xtec.cat\/ceip-falba\/wp-json\/wp\/v2\/media\/9741"}],"wp:attachment":[{"href":"https:\/\/agora.xtec.cat\/ceip-falba\/wp-json\/wp\/v2\/media?parent=9709"}],"wp:term":[{"taxonomy":"category","embeddable":true,"href":"https:\/\/agora.xtec.cat\/ceip-falba\/wp-json\/wp\/v2\/categories?post=9709"},{"taxonomy":"post_tag","embeddable":true,"href":"https:\/\/agora.xtec.cat\/ceip-falba\/wp-json\/wp\/v2\/tags?post=9709"}],"curies":[{"name":"wp","href":"https:\/\/api.w.org\/{rel}","templated":true}]}}