{"id":9692,"date":"2021-11-24T19:22:19","date_gmt":"2021-11-24T18:22:19","guid":{"rendered":"https:\/\/agora.xtec.cat\/ceip-falba\/?p=9692"},"modified":"2023-02-25T00:17:04","modified_gmt":"2023-02-24T23:17:04","slug":"els-colors-a-p3","status":"publish","type":"post","link":"https:\/\/agora.xtec.cat\/ceip-falba\/infantil\/els-colors-a-p3\/","title":{"rendered":"Els colors a P3"},"content":{"rendered":"<p>A P3 hem comen\u00e7at a treballar els colors i ho hem fet mitjan\u00e7ant uns petits racons. En aquests racons, a m\u00e9s de con\u00e8ixer els diferents colors tamb\u00e9 treballem la psicomotricitat fina, la que t\u00e9 a veure amb els moviments de la m\u00e0 i la seva coordinaci\u00f3, com per exemple a l&#8217;hora d&#8217;agafar pinces o petites peces. Tamb\u00e9 treballem la classificaci\u00f3 d&#8217;objectes i desenvolupem la creativitat a l&#8217;hora de fer produccions com amb els pius de colors. Ens agrada molt, ja que es propicia un ambient tranquil i de concentraci\u00f3.<\/p>\n<p><a href=\"https:\/\/agora.xtec.cat\/ceip-falba\/wp-content\/uploads\/usu658\/2021\/11\/2-1.jpg\"><img loading=\"lazy\" decoding=\"async\" class=\"alignnone size-large wp-image-9694\" src=\"https:\/\/agora.xtec.cat\/ceip-falba\/wp-content\/uploads\/usu658\/2021\/11\/2-1-576x1024.jpg\" alt=\"\" width=\"576\" height=\"1024\" srcset=\"https:\/\/agora.xtec.cat\/ceip-falba\/wp-content\/uploads\/usu658\/2021\/11\/2-1-576x1024.jpg 576w, https:\/\/agora.xtec.cat\/ceip-falba\/wp-content\/uploads\/usu658\/2021\/11\/2-1-169x300.jpg 169w, https:\/\/agora.xtec.cat\/ceip-falba\/wp-content\/uploads\/usu658\/2021\/11\/2-1-768x1365.jpg 768w, https:\/\/agora.xtec.cat\/ceip-falba\/wp-content\/uploads\/usu658\/2021\/11\/2-1-864x1536.jpg 864w, https:\/\/agora.xtec.cat\/ceip-falba\/wp-content\/uploads\/usu658\/2021\/11\/2-1.jpg 1024w\" sizes=\"auto, (max-width: 576px) 100vw, 576px\" \/><\/a> <a href=\"https:\/\/agora.xtec.cat\/ceip-falba\/wp-content\/uploads\/usu658\/2021\/11\/3-1.jpg\"><img loading=\"lazy\" decoding=\"async\" class=\"alignnone size-large wp-image-9695\" src=\"https:\/\/agora.xtec.cat\/ceip-falba\/wp-content\/uploads\/usu658\/2021\/11\/3-1-576x1024.jpg\" alt=\"\" width=\"576\" height=\"1024\" srcset=\"https:\/\/agora.xtec.cat\/ceip-falba\/wp-content\/uploads\/usu658\/2021\/11\/3-1-576x1024.jpg 576w, https:\/\/agora.xtec.cat\/ceip-falba\/wp-content\/uploads\/usu658\/2021\/11\/3-1-169x300.jpg 169w, https:\/\/agora.xtec.cat\/ceip-falba\/wp-content\/uploads\/usu658\/2021\/11\/3-1-768x1365.jpg 768w, https:\/\/agora.xtec.cat\/ceip-falba\/wp-content\/uploads\/usu658\/2021\/11\/3-1-864x1536.jpg 864w, https:\/\/agora.xtec.cat\/ceip-falba\/wp-content\/uploads\/usu658\/2021\/11\/3-1.jpg 1024w\" sizes=\"auto, (max-width: 576px) 100vw, 576px\" \/><\/a> <a href=\"https:\/\/agora.xtec.cat\/ceip-falba\/wp-content\/uploads\/usu658\/2021\/11\/5.jpg\"><img loading=\"lazy\" decoding=\"async\" class=\"alignnone size-large wp-image-9697\" src=\"https:\/\/agora.xtec.cat\/ceip-falba\/wp-content\/uploads\/usu658\/2021\/11\/5-576x1024.jpg\" alt=\"\" width=\"576\" height=\"1024\" srcset=\"https:\/\/agora.xtec.cat\/ceip-falba\/wp-content\/uploads\/usu658\/2021\/11\/5-576x1024.jpg 576w, https:\/\/agora.xtec.cat\/ceip-falba\/wp-content\/uploads\/usu658\/2021\/11\/5-169x300.jpg 169w, https:\/\/agora.xtec.cat\/ceip-falba\/wp-content\/uploads\/usu658\/2021\/11\/5-768x1365.jpg 768w, https:\/\/agora.xtec.cat\/ceip-falba\/wp-content\/uploads\/usu658\/2021\/11\/5-864x1536.jpg 864w, https:\/\/agora.xtec.cat\/ceip-falba\/wp-content\/uploads\/usu658\/2021\/11\/5.jpg 1024w\" sizes=\"auto, (max-width: 576px) 100vw, 576px\" \/><\/a> <a href=\"https:\/\/agora.xtec.cat\/ceip-falba\/wp-content\/uploads\/usu658\/2021\/11\/7.jpg\"><img loading=\"lazy\" decoding=\"async\" class=\"alignnone size-large wp-image-9699\" src=\"https:\/\/agora.xtec.cat\/ceip-falba\/wp-content\/uploads\/usu658\/2021\/11\/7-576x1024.jpg\" alt=\"\" width=\"576\" height=\"1024\" srcset=\"https:\/\/agora.xtec.cat\/ceip-falba\/wp-content\/uploads\/usu658\/2021\/11\/7-576x1024.jpg 576w, https:\/\/agora.xtec.cat\/ceip-falba\/wp-content\/uploads\/usu658\/2021\/11\/7-169x300.jpg 169w, https:\/\/agora.xtec.cat\/ceip-falba\/wp-content\/uploads\/usu658\/2021\/11\/7-768x1365.jpg 768w, https:\/\/agora.xtec.cat\/ceip-falba\/wp-content\/uploads\/usu658\/2021\/11\/7-864x1536.jpg 864w, https:\/\/agora.xtec.cat\/ceip-falba\/wp-content\/uploads\/usu658\/2021\/11\/7.jpg 1024w\" sizes=\"auto, (max-width: 576px) 100vw, 576px\" \/><\/a><a href=\"https:\/\/agora.xtec.cat\/ceip-falba\/wp-content\/uploads\/usu658\/2021\/11\/6.jpg\"><img loading=\"lazy\" decoding=\"async\" class=\"size-full wp-image-9698 aligncenter\" src=\"https:\/\/agora.xtec.cat\/ceip-falba\/wp-content\/uploads\/usu658\/2021\/11\/6.jpg\" alt=\"\" width=\"1024\" height=\"576\" srcset=\"https:\/\/agora.xtec.cat\/ceip-falba\/wp-content\/uploads\/usu658\/2021\/11\/6.jpg 1024w, https:\/\/agora.xtec.cat\/ceip-falba\/wp-content\/uploads\/usu658\/2021\/11\/6-300x169.jpg 300w, https:\/\/agora.xtec.cat\/ceip-falba\/wp-content\/uploads\/usu658\/2021\/11\/6-768x432.jpg 768w\" sizes=\"auto, (max-width: 1024px) 100vw, 1024px\" \/><\/a><a href=\"https:\/\/agora.xtec.cat\/ceip-falba\/wp-content\/uploads\/usu658\/2021\/11\/4-1.jpg\"><img loading=\"lazy\" decoding=\"async\" class=\"size-full wp-image-9696 aligncenter\" src=\"https:\/\/agora.xtec.cat\/ceip-falba\/wp-content\/uploads\/usu658\/2021\/11\/4-1.jpg\" alt=\"\" width=\"1024\" height=\"576\" srcset=\"https:\/\/agora.xtec.cat\/ceip-falba\/wp-content\/uploads\/usu658\/2021\/11\/4-1.jpg 1024w, https:\/\/agora.xtec.cat\/ceip-falba\/wp-content\/uploads\/usu658\/2021\/11\/4-1-300x169.jpg 300w, https:\/\/agora.xtec.cat\/ceip-falba\/wp-content\/uploads\/usu658\/2021\/11\/4-1-768x432.jpg 768w\" sizes=\"auto, (max-width: 1024px) 100vw, 1024px\" \/><\/a><a href=\"https:\/\/agora.xtec.cat\/ceip-falba\/wp-content\/uploads\/usu658\/2021\/11\/1-1.jpg\"><img loading=\"lazy\" decoding=\"async\" class=\"size-full wp-image-9693 aligncenter\" src=\"https:\/\/agora.xtec.cat\/ceip-falba\/wp-content\/uploads\/usu658\/2021\/11\/1-1.jpg\" alt=\"\" width=\"1024\" height=\"576\" srcset=\"https:\/\/agora.xtec.cat\/ceip-falba\/wp-content\/uploads\/usu658\/2021\/11\/1-1.jpg 1024w, https:\/\/agora.xtec.cat\/ceip-falba\/wp-content\/uploads\/usu658\/2021\/11\/1-1-300x169.jpg 300w, https:\/\/agora.xtec.cat\/ceip-falba\/wp-content\/uploads\/usu658\/2021\/11\/1-1-768x432.jpg 768w\" sizes=\"auto, (max-width: 1024px) 100vw, 1024px\" \/><\/a><\/p>\n","protected":false},"excerpt":{"rendered":"<p>A P3 hem comen\u00e7at a treballar els colors i ho hem fet mitjan\u00e7ant uns petits racons. En aquests racons, a m\u00e9s de con\u00e8ixer els diferents colors tamb\u00e9 treballem la psicomotricitat fina, la que t\u00e9 a veure amb els moviments de la m\u00e0 i la seva&hellip;  <a href=\"https:\/\/agora.xtec.cat\/ceip-falba\/infantil\/els-colors-a-p3\/\" title=\"Read Els colors a P3\">Llegeix m\u00e9s\u00bb<\/a><\/p>\n","protected":false},"author":1,"featured_media":9696,"comment_status":"closed","ping_status":"closed","sticky":false,"template":"","format":"standard","meta":{"_bbp_topic_count":0,"_bbp_reply_count":0,"_bbp_total_topic_count":0,"_bbp_total_reply_count":0,"_bbp_voice_count":0,"_bbp_anonymous_reply_count":0,"_bbp_topic_count_hidden":0,"_bbp_reply_count_hidden":0,"_bbp_forum_subforum_count":0,"footnotes":""},"categories":[388,3,2,4,457],"tags":[],"class_list":["post-9692","post","type-post","status-publish","format-standard","has-post-thumbnail","hentry","category-curs-2021-2022","category-p3","category-infantil","category-portada","category-racons-daula"],"post_mailing_queue_ids":[],"_links":{"self":[{"href":"https:\/\/agora.xtec.cat\/ceip-falba\/wp-json\/wp\/v2\/posts\/9692","targetHints":{"allow":["GET"]}}],"collection":[{"href":"https:\/\/agora.xtec.cat\/ceip-falba\/wp-json\/wp\/v2\/posts"}],"about":[{"href":"https:\/\/agora.xtec.cat\/ceip-falba\/wp-json\/wp\/v2\/types\/post"}],"author":[{"embeddable":true,"href":"https:\/\/agora.xtec.cat\/ceip-falba\/wp-json\/wp\/v2\/users\/1"}],"replies":[{"embeddable":true,"href":"https:\/\/agora.xtec.cat\/ceip-falba\/wp-json\/wp\/v2\/comments?post=9692"}],"version-history":[{"count":3,"href":"https:\/\/agora.xtec.cat\/ceip-falba\/wp-json\/wp\/v2\/posts\/9692\/revisions"}],"predecessor-version":[{"id":9702,"href":"https:\/\/agora.xtec.cat\/ceip-falba\/wp-json\/wp\/v2\/posts\/9692\/revisions\/9702"}],"wp:featuredmedia":[{"embeddable":true,"href":"https:\/\/agora.xtec.cat\/ceip-falba\/wp-json\/wp\/v2\/media\/9696"}],"wp:attachment":[{"href":"https:\/\/agora.xtec.cat\/ceip-falba\/wp-json\/wp\/v2\/media?parent=9692"}],"wp:term":[{"taxonomy":"category","embeddable":true,"href":"https:\/\/agora.xtec.cat\/ceip-falba\/wp-json\/wp\/v2\/categories?post=9692"},{"taxonomy":"post_tag","embeddable":true,"href":"https:\/\/agora.xtec.cat\/ceip-falba\/wp-json\/wp\/v2\/tags?post=9692"}],"curies":[{"name":"wp","href":"https:\/\/api.w.org\/{rel}","templated":true}]}}