{"id":9559,"date":"2021-11-05T19:03:58","date_gmt":"2021-11-05T18:03:58","guid":{"rendered":"https:\/\/agora.xtec.cat\/ceip-falba\/?p=9559"},"modified":"2023-02-25T00:25:22","modified_gmt":"2023-02-24T23:25:22","slug":"el-context-de-la-prehistoria-de-5e","status":"publish","type":"post","link":"https:\/\/agora.xtec.cat\/ceip-falba\/general\/el-context-de-la-prehistoria-de-5e\/","title":{"rendered":"Els inicis de la vida humana."},"content":{"rendered":"<p>L&#8217;alumnat de cinqu\u00e8, a partir dels continguts treballats el curs anterior sobre la l\u00ednia del temps, es van fer noves preguntes sobre els inicis de la vida, els primers humans, la vida i la mort durant la prehist\u00f2ria, el rol de les dones en aquell temps i les descobertes de la paleontologia.<\/p>\n<p>A trav\u00e9s d&#8217;un treball interdisciplinari amb lectures, recerca d&#8217;informaci\u00f3, jocs, exposicions i tallers de f\u00f2ssils i maquetes, descobreixen i aprenen aspectes relacionats amb la prehist\u00f2ria al llarg d&#8217;aquest primer trimestre.<\/p>\n<p>Estan realitzant molt bones feines i des d&#8217;aqu\u00ed les seves mestres els volem felicitar.<\/p>\n<p>Esperem que al final del context puguin tenir resoltes les seves curiositats i se&#8217;n puguin despertar de noves. Perqu\u00e8 la curiositat ens obra la porta al coneixement!<\/p>\n<p><a href=\"https:\/\/agora.xtec.cat\/ceip-falba\/wp-content\/uploads\/usu658\/2021\/11\/IMG_20211105_180742-scaled.jpg\"><img loading=\"lazy\" decoding=\"async\" class=\"alignnone size-large wp-image-9561\" src=\"https:\/\/agora.xtec.cat\/ceip-falba\/wp-content\/uploads\/usu658\/2021\/11\/IMG_20211105_180742-777x1024.jpg\" alt=\"\" width=\"777\" height=\"1024\" srcset=\"https:\/\/agora.xtec.cat\/ceip-falba\/wp-content\/uploads\/usu658\/2021\/11\/IMG_20211105_180742-777x1024.jpg 777w, https:\/\/agora.xtec.cat\/ceip-falba\/wp-content\/uploads\/usu658\/2021\/11\/IMG_20211105_180742-227x300.jpg 227w, https:\/\/agora.xtec.cat\/ceip-falba\/wp-content\/uploads\/usu658\/2021\/11\/IMG_20211105_180742-768x1013.jpg 768w, https:\/\/agora.xtec.cat\/ceip-falba\/wp-content\/uploads\/usu658\/2021\/11\/IMG_20211105_180742-1165x1536.jpg 1165w, https:\/\/agora.xtec.cat\/ceip-falba\/wp-content\/uploads\/usu658\/2021\/11\/IMG_20211105_180742-1553x2048.jpg 1553w, https:\/\/agora.xtec.cat\/ceip-falba\/wp-content\/uploads\/usu658\/2021\/11\/IMG_20211105_180742-scaled.jpg 1941w\" sizes=\"auto, (max-width: 777px) 100vw, 777px\" \/><\/a><a href=\"https:\/\/agora.xtec.cat\/ceip-falba\/wp-content\/uploads\/usu658\/2021\/11\/IMG_20211105_180716-scaled.jpg\"><img loading=\"lazy\" decoding=\"async\" class=\"alignnone size-large wp-image-9562\" src=\"https:\/\/agora.xtec.cat\/ceip-falba\/wp-content\/uploads\/usu658\/2021\/11\/IMG_20211105_180716-777x1024.jpg\" alt=\"\" width=\"777\" height=\"1024\" srcset=\"https:\/\/agora.xtec.cat\/ceip-falba\/wp-content\/uploads\/usu658\/2021\/11\/IMG_20211105_180716-777x1024.jpg 777w, https:\/\/agora.xtec.cat\/ceip-falba\/wp-content\/uploads\/usu658\/2021\/11\/IMG_20211105_180716-227x300.jpg 227w, https:\/\/agora.xtec.cat\/ceip-falba\/wp-content\/uploads\/usu658\/2021\/11\/IMG_20211105_180716-768x1013.jpg 768w, https:\/\/agora.xtec.cat\/ceip-falba\/wp-content\/uploads\/usu658\/2021\/11\/IMG_20211105_180716-1165x1536.jpg 1165w, https:\/\/agora.xtec.cat\/ceip-falba\/wp-content\/uploads\/usu658\/2021\/11\/IMG_20211105_180716-1553x2048.jpg 1553w, https:\/\/agora.xtec.cat\/ceip-falba\/wp-content\/uploads\/usu658\/2021\/11\/IMG_20211105_180716-scaled.jpg 1941w\" sizes=\"auto, (max-width: 777px) 100vw, 777px\" \/><\/a><a href=\"https:\/\/agora.xtec.cat\/ceip-falba\/wp-content\/uploads\/usu658\/2021\/11\/20211102_191840-COLLAGE.jpg\"><img loading=\"lazy\" decoding=\"async\" class=\"alignnone size-large wp-image-9560\" src=\"https:\/\/agora.xtec.cat\/ceip-falba\/wp-content\/uploads\/usu658\/2021\/11\/20211102_191840-COLLAGE-1024x1024.jpg\" alt=\"\" width=\"1024\" height=\"1024\" srcset=\"https:\/\/agora.xtec.cat\/ceip-falba\/wp-content\/uploads\/usu658\/2021\/11\/20211102_191840-COLLAGE.jpg 1024w, https:\/\/agora.xtec.cat\/ceip-falba\/wp-content\/uploads\/usu658\/2021\/11\/20211102_191840-COLLAGE-300x300.jpg 300w, https:\/\/agora.xtec.cat\/ceip-falba\/wp-content\/uploads\/usu658\/2021\/11\/20211102_191840-COLLAGE-150x150.jpg 150w, https:\/\/agora.xtec.cat\/ceip-falba\/wp-content\/uploads\/usu658\/2021\/11\/20211102_191840-COLLAGE-768x768.jpg 768w\" sizes=\"auto, (max-width: 1024px) 100vw, 1024px\" \/><\/a><a href=\"https:\/\/agora.xtec.cat\/ceip-falba\/wp-content\/uploads\/usu658\/2021\/11\/IMG_20211102_200422-scaled.jpg\"><img loading=\"lazy\" decoding=\"async\" class=\"alignnone size-large wp-image-9565\" src=\"https:\/\/agora.xtec.cat\/ceip-falba\/wp-content\/uploads\/usu658\/2021\/11\/IMG_20211102_200422-777x1024.jpg\" alt=\"\" width=\"777\" height=\"1024\" srcset=\"https:\/\/agora.xtec.cat\/ceip-falba\/wp-content\/uploads\/usu658\/2021\/11\/IMG_20211102_200422-777x1024.jpg 777w, https:\/\/agora.xtec.cat\/ceip-falba\/wp-content\/uploads\/usu658\/2021\/11\/IMG_20211102_200422-227x300.jpg 227w, https:\/\/agora.xtec.cat\/ceip-falba\/wp-content\/uploads\/usu658\/2021\/11\/IMG_20211102_200422-768x1013.jpg 768w, https:\/\/agora.xtec.cat\/ceip-falba\/wp-content\/uploads\/usu658\/2021\/11\/IMG_20211102_200422-1165x1536.jpg 1165w, https:\/\/agora.xtec.cat\/ceip-falba\/wp-content\/uploads\/usu658\/2021\/11\/IMG_20211102_200422-1553x2048.jpg 1553w, https:\/\/agora.xtec.cat\/ceip-falba\/wp-content\/uploads\/usu658\/2021\/11\/IMG_20211102_200422-scaled.jpg 1941w\" sizes=\"auto, (max-width: 777px) 100vw, 777px\" \/><\/a><a href=\"https:\/\/agora.xtec.cat\/ceip-falba\/wp-content\/uploads\/usu658\/2021\/11\/IMG_20211105_181013-scaled.jpg\"><img loading=\"lazy\" decoding=\"async\" class=\"alignnone size-large wp-image-9568\" src=\"https:\/\/agora.xtec.cat\/ceip-falba\/wp-content\/uploads\/usu658\/2021\/11\/IMG_20211105_181013-777x1024.jpg\" alt=\"\" width=\"777\" height=\"1024\" srcset=\"https:\/\/agora.xtec.cat\/ceip-falba\/wp-content\/uploads\/usu658\/2021\/11\/IMG_20211105_181013-777x1024.jpg 777w, https:\/\/agora.xtec.cat\/ceip-falba\/wp-content\/uploads\/usu658\/2021\/11\/IMG_20211105_181013-227x300.jpg 227w, https:\/\/agora.xtec.cat\/ceip-falba\/wp-content\/uploads\/usu658\/2021\/11\/IMG_20211105_181013-768x1013.jpg 768w, https:\/\/agora.xtec.cat\/ceip-falba\/wp-content\/uploads\/usu658\/2021\/11\/IMG_20211105_181013-1165x1536.jpg 1165w, https:\/\/agora.xtec.cat\/ceip-falba\/wp-content\/uploads\/usu658\/2021\/11\/IMG_20211105_181013-1553x2048.jpg 1553w, https:\/\/agora.xtec.cat\/ceip-falba\/wp-content\/uploads\/usu658\/2021\/11\/IMG_20211105_181013-scaled.jpg 1941w\" sizes=\"auto, (max-width: 777px) 100vw, 777px\" \/><\/a><a href=\"https:\/\/agora.xtec.cat\/ceip-falba\/wp-content\/uploads\/usu658\/2021\/11\/IMG_20211102_192920-scaled.jpg\"><img loading=\"lazy\" decoding=\"async\" class=\"alignnone size-large wp-image-9563\" src=\"https:\/\/agora.xtec.cat\/ceip-falba\/wp-content\/uploads\/usu658\/2021\/11\/IMG_20211102_192920-777x1024.jpg\" alt=\"\" width=\"777\" height=\"1024\" srcset=\"https:\/\/agora.xtec.cat\/ceip-falba\/wp-content\/uploads\/usu658\/2021\/11\/IMG_20211102_192920-777x1024.jpg 777w, https:\/\/agora.xtec.cat\/ceip-falba\/wp-content\/uploads\/usu658\/2021\/11\/IMG_20211102_192920-227x300.jpg 227w, https:\/\/agora.xtec.cat\/ceip-falba\/wp-content\/uploads\/usu658\/2021\/11\/IMG_20211102_192920-768x1013.jpg 768w, https:\/\/agora.xtec.cat\/ceip-falba\/wp-content\/uploads\/usu658\/2021\/11\/IMG_20211102_192920-1165x1536.jpg 1165w, https:\/\/agora.xtec.cat\/ceip-falba\/wp-content\/uploads\/usu658\/2021\/11\/IMG_20211102_192920-1553x2048.jpg 1553w, https:\/\/agora.xtec.cat\/ceip-falba\/wp-content\/uploads\/usu658\/2021\/11\/IMG_20211102_192920-scaled.jpg 1941w\" sizes=\"auto, (max-width: 777px) 100vw, 777px\" \/><\/a><\/p>\n","protected":false},"excerpt":{"rendered":"<p>Al llarg d&#8217;aquest primer trimestre els nens i nenes de cinqu\u00e8 de prim\u00e0ria investiguen i trenquen mites sobre els inicis de la vida, l&#8217;evoluci\u00f3 dels hom\u00ednids, les primeres vegades i el rol de les dones a la prehist\u00f2ria. &hellip;  <a href=\"https:\/\/agora.xtec.cat\/ceip-falba\/general\/el-context-de-la-prehistoria-de-5e\/\" title=\"Read Els inicis de la vida humana.\">Llegeix m\u00e9s\u00bb<\/a><\/p>\n","protected":false},"author":48,"featured_media":9571,"comment_status":"closed","ping_status":"closed","sticky":false,"template":"","format":"standard","meta":{"_bbp_topic_count":0,"_bbp_reply_count":0,"_bbp_total_topic_count":0,"_bbp_total_reply_count":0,"_bbp_voice_count":0,"_bbp_anonymous_reply_count":0,"_bbp_topic_count_hidden":0,"_bbp_reply_count_hidden":0,"_bbp_forum_subforum_count":0,"footnotes":""},"categories":[14,453,388,1,4],"tags":[259,349],"class_list":["post-9559","post","type-post","status-publish","format-standard","has-post-thumbnail","hentry","category-5e","category-contextos-daprenentatge","category-curs-2021-2022","category-general","category-portada","tag-comunitatdegrans","tag-context"],"post_mailing_queue_ids":[],"_links":{"self":[{"href":"https:\/\/agora.xtec.cat\/ceip-falba\/wp-json\/wp\/v2\/posts\/9559","targetHints":{"allow":["GET"]}}],"collection":[{"href":"https:\/\/agora.xtec.cat\/ceip-falba\/wp-json\/wp\/v2\/posts"}],"about":[{"href":"https:\/\/agora.xtec.cat\/ceip-falba\/wp-json\/wp\/v2\/types\/post"}],"author":[{"embeddable":true,"href":"https:\/\/agora.xtec.cat\/ceip-falba\/wp-json\/wp\/v2\/users\/48"}],"replies":[{"embeddable":true,"href":"https:\/\/agora.xtec.cat\/ceip-falba\/wp-json\/wp\/v2\/comments?post=9559"}],"version-history":[{"count":2,"href":"https:\/\/agora.xtec.cat\/ceip-falba\/wp-json\/wp\/v2\/posts\/9559\/revisions"}],"predecessor-version":[{"id":9570,"href":"https:\/\/agora.xtec.cat\/ceip-falba\/wp-json\/wp\/v2\/posts\/9559\/revisions\/9570"}],"wp:featuredmedia":[{"embeddable":true,"href":"https:\/\/agora.xtec.cat\/ceip-falba\/wp-json\/wp\/v2\/media\/9571"}],"wp:attachment":[{"href":"https:\/\/agora.xtec.cat\/ceip-falba\/wp-json\/wp\/v2\/media?parent=9559"}],"wp:term":[{"taxonomy":"category","embeddable":true,"href":"https:\/\/agora.xtec.cat\/ceip-falba\/wp-json\/wp\/v2\/categories?post=9559"},{"taxonomy":"post_tag","embeddable":true,"href":"https:\/\/agora.xtec.cat\/ceip-falba\/wp-json\/wp\/v2\/tags?post=9559"}],"curies":[{"name":"wp","href":"https:\/\/api.w.org\/{rel}","templated":true}]}}