{"id":9541,"date":"2021-11-02T13:27:05","date_gmt":"2021-11-02T12:27:05","guid":{"rendered":"https:\/\/agora.xtec.cat\/ceip-falba\/?p=9541"},"modified":"2021-11-02T13:27:05","modified_gmt":"2021-11-02T12:27:05","slug":"la-castanyada-a-la-comunitat-mitjana","status":"publish","type":"post","link":"https:\/\/agora.xtec.cat\/ceip-falba\/portada\/la-castanyada-a-la-comunitat-mitjana\/","title":{"rendered":"La castanyada a la comunitat mitjana"},"content":{"rendered":"<p>A la comunitat mitjana hem celebrat la castanyada amb un tastet de fruits de la tardor. Hem cantat i ballat can\u00e7ons de la castanyada i a la tarda hem fet una sessi\u00f3 de cinema on no han faltat les crispetes.<\/p>\n<p>Ens ho hem passat d&#8217;all\u00f2 m\u00e9s b\u00e9!<\/p>\n<p><a href=\"https:\/\/photos.app.goo.gl\/kcZzqZdkrPsa1gdF6\">Castanyada a la comunitat mitjana<\/a><\/p>\n","protected":false},"excerpt":{"rendered":"<p>A la comunitat mitjana hem celebrat la castanyada amb un tastet de fruits de la tardor. Hem cantat i ballat can\u00e7ons de la castanyada i a la tarda hem fet una sessi\u00f3 de cinema on no han faltat les crispetes.<br \/>\nEns ho hem passat d&#8217;all\u00f2 m\u00e9s&hellip;  <a href=\"https:\/\/agora.xtec.cat\/ceip-falba\/portada\/la-castanyada-a-la-comunitat-mitjana\/\" title=\"Read La castanyada a la comunitat mitjana\">Llegeix m\u00e9s\u00bb<\/a><\/p>\n","protected":false},"author":24,"featured_media":9544,"comment_status":"closed","ping_status":"closed","sticky":false,"template":"","format":"standard","meta":{"_bbp_topic_count":0,"_bbp_reply_count":0,"_bbp_total_topic_count":0,"_bbp_total_reply_count":0,"_bbp_voice_count":0,"_bbp_anonymous_reply_count":0,"_bbp_topic_count_hidden":0,"_bbp_reply_count_hidden":0,"_bbp_forum_subforum_count":0,"footnotes":""},"categories":[10,11,12,388,4,5],"tags":[403,316,279],"class_list":["post-9541","post","type-post","status-publish","format-standard","has-post-thumbnail","hentry","category-1r","category-2n","category-3r","category-curs-2021-2022","category-portada","category-primaria","tag-castanyada","tag-comunitat-de-mitjans","tag-fontdelalba"],"post_mailing_queue_ids":[],"_links":{"self":[{"href":"https:\/\/agora.xtec.cat\/ceip-falba\/wp-json\/wp\/v2\/posts\/9541","targetHints":{"allow":["GET"]}}],"collection":[{"href":"https:\/\/agora.xtec.cat\/ceip-falba\/wp-json\/wp\/v2\/posts"}],"about":[{"href":"https:\/\/agora.xtec.cat\/ceip-falba\/wp-json\/wp\/v2\/types\/post"}],"author":[{"embeddable":true,"href":"https:\/\/agora.xtec.cat\/ceip-falba\/wp-json\/wp\/v2\/users\/24"}],"replies":[{"embeddable":true,"href":"https:\/\/agora.xtec.cat\/ceip-falba\/wp-json\/wp\/v2\/comments?post=9541"}],"version-history":[{"count":1,"href":"https:\/\/agora.xtec.cat\/ceip-falba\/wp-json\/wp\/v2\/posts\/9541\/revisions"}],"predecessor-version":[{"id":9545,"href":"https:\/\/agora.xtec.cat\/ceip-falba\/wp-json\/wp\/v2\/posts\/9541\/revisions\/9545"}],"wp:featuredmedia":[{"embeddable":true,"href":"https:\/\/agora.xtec.cat\/ceip-falba\/wp-json\/wp\/v2\/media\/9544"}],"wp:attachment":[{"href":"https:\/\/agora.xtec.cat\/ceip-falba\/wp-json\/wp\/v2\/media?parent=9541"}],"wp:term":[{"taxonomy":"category","embeddable":true,"href":"https:\/\/agora.xtec.cat\/ceip-falba\/wp-json\/wp\/v2\/categories?post=9541"},{"taxonomy":"post_tag","embeddable":true,"href":"https:\/\/agora.xtec.cat\/ceip-falba\/wp-json\/wp\/v2\/tags?post=9541"}],"curies":[{"name":"wp","href":"https:\/\/api.w.org\/{rel}","templated":true}]}}