{"id":9096,"date":"2021-09-28T11:36:01","date_gmt":"2021-09-28T09:36:01","guid":{"rendered":"https:\/\/agora.xtec.cat\/ceip-falba\/?p=9096"},"modified":"2021-09-28T11:36:01","modified_gmt":"2021-09-28T09:36:01","slug":"extraescolars-curs-2021-2022","status":"publish","type":"post","link":"https:\/\/agora.xtec.cat\/ceip-falba\/portada\/extraescolars-curs-2021-2022\/","title":{"rendered":"Extraescolars Curs 2021-2022"},"content":{"rendered":"<p>Benvolgudes fam\u00edlies,<\/p>\n<p>A continuaci\u00f3 adjuntem la informaci\u00f3 sobre la <strong>PRE- INSCRIPCI\u00d3 EXTRAESCOLARS d&#8217;aquest any 2021\/2022<\/strong>, que tamb\u00e9 heu rebut en paper.<\/p>\n<p>Cal tenir en compte que aquesta \u00e9s una pre-inscripci\u00f3, aix\u00ed que dep\u00e8n del n\u00famero d&#8217;alumnes que s&#8217;inscriguin a cada extraescolar aquesta es realitzar\u00e0 o no, ja que ha d&#8217;haver un m\u00ednim.<\/p>\n<p><strong>RECORDEU que la data l\u00edmit per entregar la pre-inscripci\u00f3 \u00e9s el proper dilluns dia 4 d&#8217;octubre de 2021.\u00a0<\/strong><\/p>\n<p>Podeu\u00a0 deixar els fulls de pre-inscripci\u00f3 a les b\u00fasties de l&#8217;AFA que trobareu a les porta d&#8217;acc\u00e9s a l&#8217;escola.<\/p>\n<p>Esperem que us animeu i es puguin fer moltes extraescolars!<\/p>\n<p><a href=\"https:\/\/agora.xtec.cat\/ceip-falba\/wp-content\/uploads\/usu658\/2021\/09\/INFO_EXTRAESCOLARS_FONT_DE_L_ALBA-2021_2022.pdf\">INFO_EXTRAESCOLARS_FONT_DE_L_ALBA 2021_2022<\/a><\/p>\n","protected":false},"excerpt":{"rendered":"<p>Benvolgudes fam\u00edlies,<br \/>\nA continuaci\u00f3 adjuntem la informaci\u00f3 sobre la PRE- INSCRIPCI\u00d3 EXTRAESCOLARS d&#8217;aquest any 2021\/2022, que tamb\u00e9 heu rebut en paper.<br \/>\nCal tenir en compte que aquesta \u00e9s una pre-inscripci\u00f3, aix\u00ed que dep\u00e8n del n\u00famero d&#8217;alumnes que s&#8217;inscriguin a cada extraescolar aquesta es realitzar\u00e0 o no, ja&hellip;  <a href=\"https:\/\/agora.xtec.cat\/ceip-falba\/portada\/extraescolars-curs-2021-2022\/\" title=\"Read Extraescolars Curs 2021-2022\">Llegeix m\u00e9s\u00bb<\/a><\/p>\n","protected":false},"author":6,"featured_media":9098,"comment_status":"closed","ping_status":"closed","sticky":false,"template":"","format":"standard","meta":{"_bbp_topic_count":0,"_bbp_reply_count":0,"_bbp_total_topic_count":0,"_bbp_total_reply_count":0,"_bbp_voice_count":0,"_bbp_anonymous_reply_count":0,"_bbp_topic_count_hidden":0,"_bbp_reply_count_hidden":0,"_bbp_forum_subforum_count":0,"footnotes":""},"categories":[122,7,388,4],"tags":[144,242,93],"class_list":["post-9096","post","type-post","status-publish","format-standard","has-post-thumbnail","hentry","category-extraescolars","category-ampa","category-curs-2021-2022","category-portada","tag-activitats-extraescolars","tag-afa","tag-extraescolars"],"post_mailing_queue_ids":[],"_links":{"self":[{"href":"https:\/\/agora.xtec.cat\/ceip-falba\/wp-json\/wp\/v2\/posts\/9096","targetHints":{"allow":["GET"]}}],"collection":[{"href":"https:\/\/agora.xtec.cat\/ceip-falba\/wp-json\/wp\/v2\/posts"}],"about":[{"href":"https:\/\/agora.xtec.cat\/ceip-falba\/wp-json\/wp\/v2\/types\/post"}],"author":[{"embeddable":true,"href":"https:\/\/agora.xtec.cat\/ceip-falba\/wp-json\/wp\/v2\/users\/6"}],"replies":[{"embeddable":true,"href":"https:\/\/agora.xtec.cat\/ceip-falba\/wp-json\/wp\/v2\/comments?post=9096"}],"version-history":[{"count":3,"href":"https:\/\/agora.xtec.cat\/ceip-falba\/wp-json\/wp\/v2\/posts\/9096\/revisions"}],"predecessor-version":[{"id":9102,"href":"https:\/\/agora.xtec.cat\/ceip-falba\/wp-json\/wp\/v2\/posts\/9096\/revisions\/9102"}],"wp:featuredmedia":[{"embeddable":true,"href":"https:\/\/agora.xtec.cat\/ceip-falba\/wp-json\/wp\/v2\/media\/9098"}],"wp:attachment":[{"href":"https:\/\/agora.xtec.cat\/ceip-falba\/wp-json\/wp\/v2\/media?parent=9096"}],"wp:term":[{"taxonomy":"category","embeddable":true,"href":"https:\/\/agora.xtec.cat\/ceip-falba\/wp-json\/wp\/v2\/categories?post=9096"},{"taxonomy":"post_tag","embeddable":true,"href":"https:\/\/agora.xtec.cat\/ceip-falba\/wp-json\/wp\/v2\/tags?post=9096"}],"curies":[{"name":"wp","href":"https:\/\/api.w.org\/{rel}","templated":true}]}}