{"id":8966,"date":"2021-06-15T10:24:31","date_gmt":"2021-06-15T08:24:31","guid":{"rendered":"http:\/\/agora.xtec.cat\/ceip-falba\/?p=8966"},"modified":"2021-06-15T10:25:38","modified_gmt":"2021-06-15T08:25:38","slug":"taller-de-teatre-per-families","status":"publish","type":"post","link":"https:\/\/agora.xtec.cat\/ceip-falba\/general\/taller-de-teatre-per-families\/","title":{"rendered":"Taller de teatre per fam\u00edlies"},"content":{"rendered":"<p>Ja gaireb\u00e9 s&#8217;acosta el final de curs i com cada any les fam\u00edlies que participen en el taller de teatre han representat pels alumnes de l&#8217;escola una obra de teatre. Enguany hem triat &#8220;el bosc de l&#8217;arc de Sant Mart\u00ed&#8221; una adaptaci\u00f3 de la novel\u00b7la infantil &#8220;El bosque del arco\u00edris&#8221; de Megan Maxwell. Us deixem el v\u00eddeo de la representaci\u00f3. Esperem que el gaudiu! Nosaltres ens ho hem passat d&#8217;all\u00f2 m\u00e9s b\u00e9!<\/p>\n<p>&nbsp;<\/p>\n<p><a href=\"https:\/\/youtu.be\/bBXitkhwn44\">https:\/\/youtu.be\/bBXitkhwn44<\/a><\/p>\n","protected":false},"excerpt":{"rendered":"<p>Ja gaireb\u00e9 s&#8217;acosta el final de curs i com cada any les fam\u00edlies que participen en el taller de teatre han representat pels alumnes de l&#8217;escola una obra de teatre. Enguany hem triat &#8220;el bosc de l&#8217;arc de Sant Mart\u00ed&#8221; una adaptaci\u00f3 de la novel\u00b7la&hellip;  <a href=\"https:\/\/agora.xtec.cat\/ceip-falba\/general\/taller-de-teatre-per-families\/\" title=\"Read Taller de teatre per fam\u00edlies\">Llegeix m\u00e9s\u00bb<\/a><\/p>\n","protected":false},"author":6,"featured_media":8968,"comment_status":"closed","ping_status":"closed","sticky":false,"template":"","format":"standard","meta":{"_bbp_topic_count":0,"_bbp_reply_count":0,"_bbp_total_topic_count":0,"_bbp_total_reply_count":0,"_bbp_voice_count":0,"_bbp_anonymous_reply_count":0,"_bbp_topic_count_hidden":0,"_bbp_reply_count_hidden":0,"_bbp_forum_subforum_count":0,"footnotes":""},"categories":[334,1,4],"tags":[154,387,111],"class_list":["post-8966","post","type-post","status-publish","format-standard","has-post-thumbnail","hentry","category-curs-2020-21","category-general","category-portada","tag-families","tag-taller-de-teatre","tag-teatre"],"post_mailing_queue_ids":[],"_links":{"self":[{"href":"https:\/\/agora.xtec.cat\/ceip-falba\/wp-json\/wp\/v2\/posts\/8966","targetHints":{"allow":["GET"]}}],"collection":[{"href":"https:\/\/agora.xtec.cat\/ceip-falba\/wp-json\/wp\/v2\/posts"}],"about":[{"href":"https:\/\/agora.xtec.cat\/ceip-falba\/wp-json\/wp\/v2\/types\/post"}],"author":[{"embeddable":true,"href":"https:\/\/agora.xtec.cat\/ceip-falba\/wp-json\/wp\/v2\/users\/6"}],"replies":[{"embeddable":true,"href":"https:\/\/agora.xtec.cat\/ceip-falba\/wp-json\/wp\/v2\/comments?post=8966"}],"version-history":[{"count":1,"href":"https:\/\/agora.xtec.cat\/ceip-falba\/wp-json\/wp\/v2\/posts\/8966\/revisions"}],"predecessor-version":[{"id":8967,"href":"https:\/\/agora.xtec.cat\/ceip-falba\/wp-json\/wp\/v2\/posts\/8966\/revisions\/8967"}],"wp:featuredmedia":[{"embeddable":true,"href":"https:\/\/agora.xtec.cat\/ceip-falba\/wp-json\/wp\/v2\/media\/8968"}],"wp:attachment":[{"href":"https:\/\/agora.xtec.cat\/ceip-falba\/wp-json\/wp\/v2\/media?parent=8966"}],"wp:term":[{"taxonomy":"category","embeddable":true,"href":"https:\/\/agora.xtec.cat\/ceip-falba\/wp-json\/wp\/v2\/categories?post=8966"},{"taxonomy":"post_tag","embeddable":true,"href":"https:\/\/agora.xtec.cat\/ceip-falba\/wp-json\/wp\/v2\/tags?post=8966"}],"curies":[{"name":"wp","href":"https:\/\/api.w.org\/{rel}","templated":true}]}}