{"id":8626,"date":"2021-06-04T12:05:33","date_gmt":"2021-06-04T10:05:33","guid":{"rendered":"http:\/\/agora.xtec.cat\/ceip-falba\/?p=8626"},"modified":"2023-02-26T17:51:46","modified_gmt":"2023-02-26T16:51:46","slug":"anunci-publicitari-cooperativa-arcoiris-i-cooperativa-els-tronquets","status":"publish","type":"post","link":"https:\/\/agora.xtec.cat\/ceip-falba\/general\/anunci-publicitari-cooperativa-arcoiris-i-cooperativa-els-tronquets\/","title":{"rendered":"ANUNCI PUBLICITARI COOPERATIVA &#8220;ARCOIRIS&#8221; I &#8220;COOPERATIVA &#8220;ELS TRONQUETS&#8221;"},"content":{"rendered":"<div>\n<p><span style=\"text-decoration: underline;\"><strong>ANUNCI COOPERATIVA ARCOIRIS 5\u00c8 A<\/strong><\/span><\/p>\n<div style=\"width: 640px;\" class=\"wp-video\"><!--[if lt IE 9]><script>document.createElement('video');<\/script><![endif]-->\n<video class=\"wp-video-shortcode\" id=\"video-8626-1\" width=\"640\" height=\"360\" preload=\"metadata\" controls=\"controls\"><source type=\"video\/mp4\" src=\"https:\/\/agora.xtec.cat\/ceip-falba\/wp-content\/uploads\/usu658\/2021\/06\/anunci-publicitari-arcoiris.mp4?_=1\" \/><a href=\"https:\/\/agora.xtec.cat\/ceip-falba\/wp-content\/uploads\/usu658\/2021\/06\/anunci-publicitari-arcoiris.mp4\">https:\/\/agora.xtec.cat\/ceip-falba\/wp-content\/uploads\/usu658\/2021\/06\/anunci-publicitari-arcoiris.mp4<\/a><\/video><\/div>\n<p><span style=\"text-decoration: underline;\"><strong>ANUNCI COOPERATIVA ELS TRONQUETS DE 5\u00c8 B<\/strong><\/span><\/p>\n<div style=\"width: 640px;\" class=\"wp-video\"><video class=\"wp-video-shortcode\" id=\"video-8626-2\" width=\"640\" height=\"360\" preload=\"metadata\" controls=\"controls\"><source type=\"video\/mp4\" src=\"https:\/\/agora.xtec.cat\/ceip-falba\/wp-content\/uploads\/usu658\/2021\/06\/anunci-publicitari-els-tronquets_2IU370rO.mp4?_=2\" \/><a href=\"https:\/\/agora.xtec.cat\/ceip-falba\/wp-content\/uploads\/usu658\/2021\/06\/anunci-publicitari-els-tronquets_2IU370rO.mp4\">https:\/\/agora.xtec.cat\/ceip-falba\/wp-content\/uploads\/usu658\/2021\/06\/anunci-publicitari-els-tronquets_2IU370rO.mp4<\/a><\/video><\/div>\n<\/div>\n<div><\/div>\n<div style=\"text-align: justify;\">Els nens i nenes de 5\u00e8 finalitzen, despr\u00e9s de tot un curs d&#8217;investigaci\u00f3, treball i aprenentatge, el seu projecte d&#8217;emprenedoria amb la venda dels seus productes d&#8217;artesania al Mercadal de l&#8217;avinguda B\u00e9jar al llarg del mat\u00ed del dimecres 9 de juny. Al llarg d&#8217;aquest curs han creat una cooperativa i han vivenciat tots els processos legals, burocr\u00e0tics, creatius i formadors per tal d&#8217;acabar el projecte amb aquesta venda. Estaran encantats d&#8217;atendre la vostre visita a la seva paradeta del Mercadal.<\/div>\n<div style=\"text-align: justify;\">Com els principis de la cooperativa indiquen, la recaptaci\u00f3 anir\u00e0 destinada a la recuperaci\u00f3 del capital\u00a0inicial que es va aportar a principi de curs, i una part dels beneficis anir\u00e0 destinat a l&#8217;esplai la F\u00e0brica com a donaci\u00f3 a una entitat social del barri.<\/div>\n<div style=\"text-align: justify;\">Per la creaci\u00f3 dels seus productes s&#8217;ha tingut en compte que els materials que s&#8217;han utilitzat siguin org\u00e0nics, reciclats o reutilitzats per garantir un producte m\u00e9s sostenible i que respecti el medi ambient i aix\u00ed complementar el seu treball de context d&#8217;aquest trimestre &#8220;La sostenibilitat&#8221;.<\/div>\n<div style=\"text-align: justify;\"><\/div>\n<div style=\"text-align: justify;\">Us esperem el dimecres 9 de juny al Mercadal de l&#8217;avinguda B\u00e9jar!<\/div>\n<div style=\"text-align: justify;\"><\/div>\n<div style=\"text-align: justify;\">Atentament,<\/div>\n<div style=\"text-align: justify;\"><\/div>\n<div style=\"text-align: justify;\">Els socis i s\u00f2cies de la Cooperativa Arcoiris i Cooperativa els Tronquets.<\/div>\n","protected":false},"excerpt":{"rendered":"<p>ANUNCI COOPERATIVA ARCOIRIS 5\u00c8 A<br \/>\n<a href=\"https:\/\/agora.xtec.cat\/ceip-falba\/wp-content\/uploads\/usu658\/2021\/06\/anunci-publicitari-arcoiris.mp4\">https:\/\/agora.xtec.cat\/ceip-falba\/wp-content\/uploads\/usu658\/2021\/06\/anunci-publicitari-arcoiris.mp4<\/a><br \/>\nANUNCI COOPERATIVA ELS TRONQUETS DE 5\u00c8 B<br \/>\n<a href=\"https:\/\/agora.xtec.cat\/ceip-falba\/wp-content\/uploads\/usu658\/2021\/06\/anunci-publicitari-els-tronquets_2IU370rO.mp4\">https:\/\/agora.xtec.cat\/ceip-falba\/wp-content\/uploads\/usu658\/2021\/06\/anunci-publicitari-els-tronquets_2IU370rO.mp4<\/a><\/p>\n<p>Els nens i nenes de 5\u00e8 finalitzen, despr\u00e9s de tot un curs d&#8217;investigaci\u00f3, treball i aprenentatge, el seu projecte d&#8217;emprenedoria amb la venda dels seus productes d&#8217;artesania al Mercadal de l&#8217;avinguda B\u00e9jar al&hellip;  <a href=\"https:\/\/agora.xtec.cat\/ceip-falba\/general\/anunci-publicitari-cooperativa-arcoiris-i-cooperativa-els-tronquets\/\" title=\"Read ANUNCI PUBLICITARI COOPERATIVA &#8220;ARCOIRIS&#8221; I &#8220;COOPERATIVA &#8220;ELS TRONQUETS&#8221;\">Llegeix m\u00e9s\u00bb<\/a><\/p>\n","protected":false},"author":72,"featured_media":0,"comment_status":"closed","ping_status":"closed","sticky":false,"template":"","format":"standard","meta":{"_bbp_topic_count":0,"_bbp_reply_count":0,"_bbp_total_topic_count":0,"_bbp_total_reply_count":0,"_bbp_voice_count":0,"_bbp_anonymous_reply_count":0,"_bbp_topic_count_hidden":0,"_bbp_reply_count_hidden":0,"_bbp_forum_subforum_count":0,"footnotes":""},"categories":[14,458,334,1,4,5],"tags":[257,385,386,383,380,377,381,382,177,384],"class_list":["post-8626","post","type-post","status-publish","format-standard","hentry","category-5e","category-cooperativa","category-curs-2020-21","category-general","category-portada","category-primaria","tag-5e","tag-5e-a","tag-5e-b","tag-anunci","tag-cooperativa","tag-cueme","tag-emprenadoria","tag-empresa","tag-projecte","tag-publicitat"],"post_mailing_queue_ids":[],"_links":{"self":[{"href":"https:\/\/agora.xtec.cat\/ceip-falba\/wp-json\/wp\/v2\/posts\/8626","targetHints":{"allow":["GET"]}}],"collection":[{"href":"https:\/\/agora.xtec.cat\/ceip-falba\/wp-json\/wp\/v2\/posts"}],"about":[{"href":"https:\/\/agora.xtec.cat\/ceip-falba\/wp-json\/wp\/v2\/types\/post"}],"author":[{"embeddable":true,"href":"https:\/\/agora.xtec.cat\/ceip-falba\/wp-json\/wp\/v2\/users\/72"}],"replies":[{"embeddable":true,"href":"https:\/\/agora.xtec.cat\/ceip-falba\/wp-json\/wp\/v2\/comments?post=8626"}],"version-history":[{"count":2,"href":"https:\/\/agora.xtec.cat\/ceip-falba\/wp-json\/wp\/v2\/posts\/8626\/revisions"}],"predecessor-version":[{"id":8630,"href":"https:\/\/agora.xtec.cat\/ceip-falba\/wp-json\/wp\/v2\/posts\/8626\/revisions\/8630"}],"wp:attachment":[{"href":"https:\/\/agora.xtec.cat\/ceip-falba\/wp-json\/wp\/v2\/media?parent=8626"}],"wp:term":[{"taxonomy":"category","embeddable":true,"href":"https:\/\/agora.xtec.cat\/ceip-falba\/wp-json\/wp\/v2\/categories?post=8626"},{"taxonomy":"post_tag","embeddable":true,"href":"https:\/\/agora.xtec.cat\/ceip-falba\/wp-json\/wp\/v2\/tags?post=8626"}],"curies":[{"name":"wp","href":"https:\/\/api.w.org\/{rel}","templated":true}]}}