{"id":8620,"date":"2021-06-03T12:23:33","date_gmt":"2021-06-03T10:23:33","guid":{"rendered":"http:\/\/agora.xtec.cat\/ceip-falba\/?p=8620"},"modified":"2023-02-26T18:02:33","modified_gmt":"2023-02-26T17:02:33","slug":"cartell-publicitari-de-les-cooperatives-de-5e","status":"publish","type":"post","link":"https:\/\/agora.xtec.cat\/ceip-falba\/portada\/cartell-publicitari-de-les-cooperatives-de-5e\/","title":{"rendered":"Cartell Publicitari de les Cooperatives de 5\u00e8"},"content":{"rendered":"<div><a href=\"https:\/\/agora.xtec.cat\/ceip-falba\/wp-content\/uploads\/usu658\/2021\/06\/dimecres-9-de-juny.png\"><img loading=\"lazy\" decoding=\"async\" class=\"alignnone size-large wp-image-8622\" src=\"https:\/\/agora.xtec.cat\/ceip-falba\/wp-content\/uploads\/usu658\/2021\/06\/dimecres-9-de-juny-724x1024.png\" alt=\"\" width=\"724\" height=\"1024\" srcset=\"https:\/\/agora.xtec.cat\/ceip-falba\/wp-content\/uploads\/usu658\/2021\/06\/dimecres-9-de-juny-724x1024.png 724w, https:\/\/agora.xtec.cat\/ceip-falba\/wp-content\/uploads\/usu658\/2021\/06\/dimecres-9-de-juny-212x300.png 212w, https:\/\/agora.xtec.cat\/ceip-falba\/wp-content\/uploads\/usu658\/2021\/06\/dimecres-9-de-juny-768x1086.png 768w, https:\/\/agora.xtec.cat\/ceip-falba\/wp-content\/uploads\/usu658\/2021\/06\/dimecres-9-de-juny.png 1060w\" sizes=\"auto, (max-width: 724px) 100vw, 724px\" \/><\/a> <a href=\"https:\/\/agora.xtec.cat\/ceip-falba\/wp-content\/uploads\/usu658\/2021\/06\/Caretell-publicitari-Cooperativa-Els-Tronquets.jpg\"><img loading=\"lazy\" decoding=\"async\" class=\"alignnone size-large wp-image-8621\" src=\"https:\/\/agora.xtec.cat\/ceip-falba\/wp-content\/uploads\/usu658\/2021\/06\/Caretell-publicitari-Cooperativa-Els-Tronquets-724x1024.jpg\" alt=\"\" width=\"724\" height=\"1024\" srcset=\"https:\/\/agora.xtec.cat\/ceip-falba\/wp-content\/uploads\/usu658\/2021\/06\/Caretell-publicitari-Cooperativa-Els-Tronquets-724x1024.jpg 724w, https:\/\/agora.xtec.cat\/ceip-falba\/wp-content\/uploads\/usu658\/2021\/06\/Caretell-publicitari-Cooperativa-Els-Tronquets-212x300.jpg 212w, https:\/\/agora.xtec.cat\/ceip-falba\/wp-content\/uploads\/usu658\/2021\/06\/Caretell-publicitari-Cooperativa-Els-Tronquets-768x1086.jpg 768w, https:\/\/agora.xtec.cat\/ceip-falba\/wp-content\/uploads\/usu658\/2021\/06\/Caretell-publicitari-Cooperativa-Els-Tronquets.jpg 1587w\" sizes=\"auto, (max-width: 724px) 100vw, 724px\" \/><\/a><\/div>\n<div><\/div>\n<div style=\"text-align: justify;\">Els nens i nenes de 5\u00e8 finalitzen, despr\u00e9s de tot un curs d&#8217;investigaci\u00f3, treball i aprenentatge, el seu projecte d&#8217;emprenedoria amb la venda dels seus productes d&#8217;artesania al Mercadal de l&#8217;avinguda B\u00e9jar al llarg del mat\u00ed del dimecres 9 de juny. Al llarg d&#8217;aquest curs han creat una cooperativa\u00a0i han vivenciat tots els processos legals, burocr\u00e0tics, creatius i formadors per tal d&#8217;acabar el projecte amb aquesta venda. Estaran encantats d&#8217;atendre la vostre visita a la seva paradeta del Mercadal.<\/div>\n<div style=\"text-align: justify;\">Com els principis de la cooperativa indiquen, la recaptaci\u00f3 anir\u00e0 destinada a la recuperaci\u00f3 del capital\u00a0inicial que es va aportar a principi de curs, i una part dels beneficis anir\u00e0 destinat a l&#8217;esplai la F\u00e0brica com a donaci\u00f3 a una entitat social del barri.<\/div>\n<div style=\"text-align: justify;\">Per la creaci\u00f3 dels seus productes s&#8217;ha tingut en compte que els materials que s&#8217;han utilitzat siguin org\u00e0nics, reciclats o reutilitzats per garantir un producte m\u00e9s sostenible i que respecti el medi ambient i aix\u00ed complementar el seu treball de context d&#8217;aquest trimestre &#8220;La sostenibilitat&#8221;.<\/div>\n<div style=\"text-align: justify;\"><\/div>\n<div style=\"text-align: justify;\">Us esperem el dimecres 9 de juny al Mercadal de l&#8217;avinguda B\u00e9jar!<\/div>\n<div style=\"text-align: justify;\"><\/div>\n<div style=\"text-align: justify;\">Atentament,<\/div>\n<div style=\"text-align: justify;\"><\/div>\n<div style=\"text-align: justify;\">Els socis i s\u00f2cies de la Cooperativa Arcoiris i Cooperativa els Tronquets.<\/div>\n<div><\/div>\n<div><a href=\"https:\/\/agora.xtec.cat\/ceip-falba\/wp-content\/uploads\/usu658\/2021\/06\/IMG_0559.jpg\"><img loading=\"lazy\" decoding=\"async\" class=\"alignnone size-full wp-image-8623\" src=\"https:\/\/agora.xtec.cat\/ceip-falba\/wp-content\/uploads\/usu658\/2021\/06\/IMG_0559.jpg\" alt=\"\" width=\"320\" height=\"240\" srcset=\"https:\/\/agora.xtec.cat\/ceip-falba\/wp-content\/uploads\/usu658\/2021\/06\/IMG_0559.jpg 320w, https:\/\/agora.xtec.cat\/ceip-falba\/wp-content\/uploads\/usu658\/2021\/06\/IMG_0559-300x225.jpg 300w, https:\/\/agora.xtec.cat\/ceip-falba\/wp-content\/uploads\/usu658\/2021\/06\/IMG_0559-200x150.jpg 200w\" sizes=\"auto, (max-width: 320px) 100vw, 320px\" \/><\/a><\/div>\n<div><\/div>\n","protected":false},"excerpt":{"rendered":"<p><a href=\"https:\/\/agora.xtec.cat\/ceip-falba\/wp-content\/uploads\/usu658\/2021\/06\/dimecres-9-de-juny.png\"><\/a> <a href=\"https:\/\/agora.xtec.cat\/ceip-falba\/wp-content\/uploads\/usu658\/2021\/06\/Caretell-publicitari-Cooperativa-Els-Tronquets.jpg\"><\/a><\/p>\n<p>Els nens i nenes de 5\u00e8 finalitzen, despr\u00e9s de tot un curs d&#8217;investigaci\u00f3, treball i aprenentatge, el seu projecte d&#8217;emprenedoria amb la venda dels seus productes d&#8217;artesania al Mercadal de l&#8217;avinguda B\u00e9jar al llarg del mat\u00ed del dimecres 9 de juny. Al&hellip;  <a href=\"https:\/\/agora.xtec.cat\/ceip-falba\/portada\/cartell-publicitari-de-les-cooperatives-de-5e\/\" title=\"Read Cartell Publicitari de les Cooperatives de 5\u00e8\">Llegeix m\u00e9s\u00bb<\/a><\/p>\n","protected":false},"author":72,"featured_media":8623,"comment_status":"closed","ping_status":"closed","sticky":false,"template":"","format":"standard","meta":{"_bbp_topic_count":0,"_bbp_reply_count":0,"_bbp_total_topic_count":0,"_bbp_total_reply_count":0,"_bbp_voice_count":0,"_bbp_anonymous_reply_count":0,"_bbp_topic_count_hidden":0,"_bbp_reply_count_hidden":0,"_bbp_forum_subforum_count":0,"footnotes":""},"categories":[14,458,334,4,5,25],"tags":[257,379,283,349,376,377,378],"class_list":["post-8620","post","type-post","status-publish","format-standard","has-post-thumbnail","hentry","category-5e","category-cooperativa","category-curs-2020-21","category-portada","category-primaria","category-projectesescola","tag-5e","tag-cartell-publicitari","tag-comunitat-de-grans","tag-context","tag-cooperatives","tag-cueme","tag-projecte-cueme"],"post_mailing_queue_ids":[],"_links":{"self":[{"href":"https:\/\/agora.xtec.cat\/ceip-falba\/wp-json\/wp\/v2\/posts\/8620","targetHints":{"allow":["GET"]}}],"collection":[{"href":"https:\/\/agora.xtec.cat\/ceip-falba\/wp-json\/wp\/v2\/posts"}],"about":[{"href":"https:\/\/agora.xtec.cat\/ceip-falba\/wp-json\/wp\/v2\/types\/post"}],"author":[{"embeddable":true,"href":"https:\/\/agora.xtec.cat\/ceip-falba\/wp-json\/wp\/v2\/users\/72"}],"replies":[{"embeddable":true,"href":"https:\/\/agora.xtec.cat\/ceip-falba\/wp-json\/wp\/v2\/comments?post=8620"}],"version-history":[{"count":3,"href":"https:\/\/agora.xtec.cat\/ceip-falba\/wp-json\/wp\/v2\/posts\/8620\/revisions"}],"predecessor-version":[{"id":8631,"href":"https:\/\/agora.xtec.cat\/ceip-falba\/wp-json\/wp\/v2\/posts\/8620\/revisions\/8631"}],"wp:featuredmedia":[{"embeddable":true,"href":"https:\/\/agora.xtec.cat\/ceip-falba\/wp-json\/wp\/v2\/media\/8623"}],"wp:attachment":[{"href":"https:\/\/agora.xtec.cat\/ceip-falba\/wp-json\/wp\/v2\/media?parent=8620"}],"wp:term":[{"taxonomy":"category","embeddable":true,"href":"https:\/\/agora.xtec.cat\/ceip-falba\/wp-json\/wp\/v2\/categories?post=8620"},{"taxonomy":"post_tag","embeddable":true,"href":"https:\/\/agora.xtec.cat\/ceip-falba\/wp-json\/wp\/v2\/tags?post=8620"}],"curies":[{"name":"wp","href":"https:\/\/api.w.org\/{rel}","templated":true}]}}