{"id":845,"date":"2016-04-12T22:35:38","date_gmt":"2016-04-12T21:35:38","guid":{"rendered":"http:\/\/agora.xtec.cat\/ceip-falba\/?p=845"},"modified":"2016-04-19T23:50:01","modified_gmt":"2016-04-19T22:50:01","slug":"concurs-jo-i-la-fruita-p5","status":"publish","type":"post","link":"https:\/\/agora.xtec.cat\/ceip-falba\/general\/concurs-jo-i-la-fruita-p5\/","title":{"rendered":"Concurs: Jo i la Fruita. P5"},"content":{"rendered":"<p>&nbsp;<\/p>\n<p>&nbsp;<\/p>\n<p><a href=\"http:\/\/agora.xtec.cat\/ceip-falba\/wp-content\/uploads\/usu658\/2016\/04\/foto-videos-fruita.jpg\"><img loading=\"lazy\" decoding=\"async\" class=\"alignnone size-large wp-image-859\" src=\"http:\/\/agora.xtec.cat\/ceip-falba\/wp-content\/uploads\/usu658\/2016\/04\/foto-videos-fruita-1024x739.jpg\" alt=\"foto videos fruita\" width=\"1024\" height=\"739\" srcset=\"https:\/\/agora.xtec.cat\/ceip-falba\/wp-content\/uploads\/usu658\/2016\/04\/foto-videos-fruita-1024x739.jpg 1024w, https:\/\/agora.xtec.cat\/ceip-falba\/wp-content\/uploads\/usu658\/2016\/04\/foto-videos-fruita-300x217.jpg 300w\" sizes=\"auto, (max-width: 1024px) 100vw, 1024px\" \/><\/a><\/p>\n<p>&nbsp;<\/p>\n<p>Els nens i les nenes de P5 hem escrit\u00a0cadasc\u00fa un gui\u00f3 pel concurs <strong>Jo i la Fruita<\/strong> i despr\u00e9s ho hem gravat.<\/p>\n<p>Se&#8217;ns oblidava el text, ens equivocaven, se&#8217;ns escapava el riure\u00a0&#8230;, per\u00f2 sobretot ho hem passat molt b\u00e9 hi hem pogut experimentar com se senten els actors i les actrius.<\/p>\n<p>Encara que no tots els alumnes hem volgut participar en el concurs, \u00a0tots hem escrit el gui\u00f3 i ens hem gravat\u00a0en v\u00eddeo i ho hem visualitzat a l&#8217;aula.<\/p>\n<p>Podeu mirar els v\u00eddeos dels nens i nenes que si hem volgut participar en el concurs al seg\u00fcent enlla\u00e7:<\/p>\n<p><a href=\"https:\/\/www.youtube.com\/channel\/UCJwN5bp0uhg_EP417iXBH2Q\/videos\">https:\/\/www.youtube.com\/channel\/UCJwN5bp0uhg_EP417iXBH2Q\/videos<\/a><\/p>\n<p><strong>AH! No oblideu donar a: M&#8217;agrada.\u00a0<\/strong><\/p>\n<p>&nbsp;<\/p>\n<p>&nbsp;<\/p>\n","protected":false},"excerpt":{"rendered":"<p>Concurs de v\u00eddeo-selfies&hellip;  <a href=\"https:\/\/agora.xtec.cat\/ceip-falba\/general\/concurs-jo-i-la-fruita-p5\/\" title=\"Read Concurs: Jo i la Fruita. P5\">Llegeix m\u00e9s\u00bb<\/a><\/p>\n","protected":false},"author":1,"featured_media":859,"comment_status":"closed","ping_status":"closed","sticky":false,"template":"","format":"standard","meta":{"_bbp_topic_count":0,"_bbp_reply_count":0,"_bbp_total_topic_count":0,"_bbp_total_reply_count":0,"_bbp_voice_count":0,"_bbp_anonymous_reply_count":0,"_bbp_topic_count_hidden":0,"_bbp_reply_count_hidden":0,"_bbp_forum_subforum_count":0,"footnotes":""},"categories":[1,9,2,4],"tags":[75,76,77],"class_list":["post-845","post","type-post","status-publish","format-standard","has-post-thumbnail","hentry","category-general","category-p5","category-infantil","category-portada","tag-concurs","tag-fruita","tag-video"],"post_mailing_queue_ids":[],"_links":{"self":[{"href":"https:\/\/agora.xtec.cat\/ceip-falba\/wp-json\/wp\/v2\/posts\/845","targetHints":{"allow":["GET"]}}],"collection":[{"href":"https:\/\/agora.xtec.cat\/ceip-falba\/wp-json\/wp\/v2\/posts"}],"about":[{"href":"https:\/\/agora.xtec.cat\/ceip-falba\/wp-json\/wp\/v2\/types\/post"}],"author":[{"embeddable":true,"href":"https:\/\/agora.xtec.cat\/ceip-falba\/wp-json\/wp\/v2\/users\/1"}],"replies":[{"embeddable":true,"href":"https:\/\/agora.xtec.cat\/ceip-falba\/wp-json\/wp\/v2\/comments?post=845"}],"version-history":[{"count":3,"href":"https:\/\/agora.xtec.cat\/ceip-falba\/wp-json\/wp\/v2\/posts\/845\/revisions"}],"predecessor-version":[{"id":860,"href":"https:\/\/agora.xtec.cat\/ceip-falba\/wp-json\/wp\/v2\/posts\/845\/revisions\/860"}],"wp:featuredmedia":[{"embeddable":true,"href":"https:\/\/agora.xtec.cat\/ceip-falba\/wp-json\/wp\/v2\/media\/859"}],"wp:attachment":[{"href":"https:\/\/agora.xtec.cat\/ceip-falba\/wp-json\/wp\/v2\/media?parent=845"}],"wp:term":[{"taxonomy":"category","embeddable":true,"href":"https:\/\/agora.xtec.cat\/ceip-falba\/wp-json\/wp\/v2\/categories?post=845"},{"taxonomy":"post_tag","embeddable":true,"href":"https:\/\/agora.xtec.cat\/ceip-falba\/wp-json\/wp\/v2\/tags?post=845"}],"curies":[{"name":"wp","href":"https:\/\/api.w.org\/{rel}","templated":true}]}}