{"id":7849,"date":"2021-03-03T13:08:58","date_gmt":"2021-03-03T12:08:58","guid":{"rendered":"http:\/\/agora.xtec.cat\/ceip-falba\/?p=7849"},"modified":"2021-03-03T13:08:58","modified_gmt":"2021-03-03T12:08:58","slug":"sortida-bmx%e2%80%bc%ef%b8%8f%f0%9f%9a%b4%f0%9f%8f%bd%e2%80%8d%e2%99%80%ef%b8%8f%f0%9f%9a%b4%f0%9f%8f%be","status":"publish","type":"post","link":"https:\/\/agora.xtec.cat\/ceip-falba\/general\/sortida-bmx%e2%80%bc%ef%b8%8f%f0%9f%9a%b4%f0%9f%8f%bd%e2%80%8d%e2%99%80%ef%b8%8f%f0%9f%9a%b4%f0%9f%8f%be\/","title":{"rendered":"Sortida BMX\u203c\ufe0f\ud83d\udeb4\ud83c\udffd\u200d\u2640\ufe0f\ud83d\udeb4\ud83c\udffe"},"content":{"rendered":"<p style=\"text-align: left;\">Aquest setmana els i les alumnes de 6\u00e8 hem fet la tan esperada sortida d\u2019educaci\u00f3 f\u00edsica al circuit de BMX de la nostra ciutat!!!<\/p>\n<p>Ha sigut una sessi\u00f3 intensa de BMX, de teoria i pr\u00e0ctica, d\u2019esfor\u00e7 f\u00edsic amb treball d\u2019equilibri, de coordinaci\u00f3 i de for\u00e7a, d\u2019atreviment i s\u00faperaci\u00f3 personal i de molta diversi\u00f3 i adrenalina!!!<\/p>\n<p>Vam aprendre\u2019n molt i ens ho vam passar d\u2019all\u00f2 m\u00e9s b\u00e9\u203c\ufe0f\ud83c\udf89\ud83d\udcaa\ud83c\udffd\ud83d\udeb4\ud83c\udffd\u200d\u2640\ufe0f\ud83d\udeb4\ud83c\udffe<\/p>\n<p>Us passem els v\u00eddeos de les diferents sessions perqu\u00e8 gaudiu vient-vos\u203c\ufe0f<\/p>\n<p><a href=\"https:\/\/drive.google.com\/file\/d\/1AXx9O5G4nGbki-_0DHJ_GrO-nAnZpeVJ\/view?usp=drivesdk\">BMX 6A<\/a><\/p>\n<p><a href=\"https:\/\/drive.google.com\/file\/d\/1GObFbocE5DKUu72L0EcCFy_avKj46sHX\/view?usp=drivesdk\">BMX 6B<\/a><\/p>\n<p><a href=\"https:\/\/drive.google.com\/file\/d\/1I6VFBXSsTw_OobzWNps-Dkf2Lhc49nyL\/view?usp=drivesdk\">BMX 6C<\/a><\/p>\n","protected":false},"excerpt":{"rendered":"<p>Aquest setmana els i les alumnes de 6\u00e8 hem fet la tan esperada sortida d\u2019educaci\u00f3 f\u00edsica al circuit de BMX de la nostra ciutat!!!<br \/>\nHa sigut una sessi\u00f3 intensa de BMX, de teoria i pr\u00e0ctica, d\u2019esfor\u00e7 f\u00edsic amb treball d\u2019equilibri, de coordinaci\u00f3 i de for\u00e7a, d\u2019atreviment&hellip;  <a href=\"https:\/\/agora.xtec.cat\/ceip-falba\/general\/sortida-bmx%e2%80%bc%ef%b8%8f%f0%9f%9a%b4%f0%9f%8f%bd%e2%80%8d%e2%99%80%ef%b8%8f%f0%9f%9a%b4%f0%9f%8f%be\/\" title=\"Read Sortida BMX\u203c\ufe0f\ud83d\udeb4\ud83c\udffd\u200d\u2640\ufe0f\ud83d\udeb4\ud83c\udffe\">Llegeix m\u00e9s\u00bb<\/a><\/p>\n","protected":false},"author":1,"featured_media":7852,"comment_status":"closed","ping_status":"closed","sticky":false,"template":"","format":"standard","meta":{"_bbp_topic_count":0,"_bbp_reply_count":0,"_bbp_total_topic_count":0,"_bbp_total_reply_count":0,"_bbp_voice_count":0,"_bbp_anonymous_reply_count":0,"_bbp_topic_count_hidden":0,"_bbp_reply_count_hidden":0,"_bbp_forum_subforum_count":0,"footnotes":""},"categories":[15,334,33,1,4,5],"tags":[300,283,175,297,16],"class_list":["post-7849","post","type-post","status-publish","format-standard","has-post-thumbnail","hentry","category-6e","category-curs-2020-21","category-ed-fisica","category-general","category-portada","category-primaria","tag-bmx","tag-comunitat-de-grans","tag-educacio-fisica","tag-excursio","tag-sortides"],"post_mailing_queue_ids":[],"_links":{"self":[{"href":"https:\/\/agora.xtec.cat\/ceip-falba\/wp-json\/wp\/v2\/posts\/7849","targetHints":{"allow":["GET"]}}],"collection":[{"href":"https:\/\/agora.xtec.cat\/ceip-falba\/wp-json\/wp\/v2\/posts"}],"about":[{"href":"https:\/\/agora.xtec.cat\/ceip-falba\/wp-json\/wp\/v2\/types\/post"}],"author":[{"embeddable":true,"href":"https:\/\/agora.xtec.cat\/ceip-falba\/wp-json\/wp\/v2\/users\/1"}],"replies":[{"embeddable":true,"href":"https:\/\/agora.xtec.cat\/ceip-falba\/wp-json\/wp\/v2\/comments?post=7849"}],"version-history":[{"count":1,"href":"https:\/\/agora.xtec.cat\/ceip-falba\/wp-json\/wp\/v2\/posts\/7849\/revisions"}],"predecessor-version":[{"id":7853,"href":"https:\/\/agora.xtec.cat\/ceip-falba\/wp-json\/wp\/v2\/posts\/7849\/revisions\/7853"}],"wp:featuredmedia":[{"embeddable":true,"href":"https:\/\/agora.xtec.cat\/ceip-falba\/wp-json\/wp\/v2\/media\/7852"}],"wp:attachment":[{"href":"https:\/\/agora.xtec.cat\/ceip-falba\/wp-json\/wp\/v2\/media?parent=7849"}],"wp:term":[{"taxonomy":"category","embeddable":true,"href":"https:\/\/agora.xtec.cat\/ceip-falba\/wp-json\/wp\/v2\/categories?post=7849"},{"taxonomy":"post_tag","embeddable":true,"href":"https:\/\/agora.xtec.cat\/ceip-falba\/wp-json\/wp\/v2\/tags?post=7849"}],"curies":[{"name":"wp","href":"https:\/\/api.w.org\/{rel}","templated":true}]}}