{"id":7744,"date":"2021-02-17T13:18:51","date_gmt":"2021-02-17T12:18:51","guid":{"rendered":"http:\/\/agora.xtec.cat\/ceip-falba\/?p=7744"},"modified":"2023-02-26T18:06:35","modified_gmt":"2023-02-26T17:06:35","slug":"cooperatives-de-5e-a-i-b","status":"publish","type":"post","link":"https:\/\/agora.xtec.cat\/ceip-falba\/portada\/cooperatives-de-5e-a-i-b\/","title":{"rendered":"Cooperatives de 5\u00e8 A i B"},"content":{"rendered":"<p>Informem que els nostres alumnes de 5\u00e8 estan fent i aprenent a portar a terme la seva pr\u00f2pia cooperativa. Treballem de manera globalitzada els continguts per tal de poder fer exposicions orals, juntes de reunions, votacions, creaci\u00f3 del logo, c\u00e0rrecs, etc.<\/p>\n<p>Fotografia 1: Exposici\u00f3 oral de la evoluci\u00f3 del Logo.<\/p>\n<p><a href=\"https:\/\/agora.xtec.cat\/ceip-falba\/wp-content\/uploads\/usu658\/2021\/02\/20210204_155857.jpg\"><img loading=\"lazy\" decoding=\"async\" class=\"alignnone size-large wp-image-7748\" src=\"https:\/\/agora.xtec.cat\/ceip-falba\/wp-content\/uploads\/usu658\/2021\/02\/20210204_155857-1024x498.jpg\" alt=\"\" width=\"1024\" height=\"498\" srcset=\"https:\/\/agora.xtec.cat\/ceip-falba\/wp-content\/uploads\/usu658\/2021\/02\/20210204_155857-1024x498.jpg 1024w, https:\/\/agora.xtec.cat\/ceip-falba\/wp-content\/uploads\/usu658\/2021\/02\/20210204_155857-300x146.jpg 300w, https:\/\/agora.xtec.cat\/ceip-falba\/wp-content\/uploads\/usu658\/2021\/02\/20210204_155857-768x373.jpg 768w\" sizes=\"auto, (max-width: 1024px) 100vw, 1024px\" \/><\/a><\/p>\n<p>Fotografia 2: Els 3 Logos escollits a 5\u00e8A.<\/p>\n<p><a href=\"https:\/\/agora.xtec.cat\/ceip-falba\/wp-content\/uploads\/usu658\/2021\/02\/20210204_160605.jpg\"><img loading=\"lazy\" decoding=\"async\" class=\"alignnone size-large wp-image-7747\" src=\"https:\/\/agora.xtec.cat\/ceip-falba\/wp-content\/uploads\/usu658\/2021\/02\/20210204_160605-1024x498.jpg\" alt=\"\" width=\"1024\" height=\"498\" srcset=\"https:\/\/agora.xtec.cat\/ceip-falba\/wp-content\/uploads\/usu658\/2021\/02\/20210204_160605-1024x498.jpg 1024w, https:\/\/agora.xtec.cat\/ceip-falba\/wp-content\/uploads\/usu658\/2021\/02\/20210204_160605-300x146.jpg 300w, https:\/\/agora.xtec.cat\/ceip-falba\/wp-content\/uploads\/usu658\/2021\/02\/20210204_160605-768x373.jpg 768w\" sizes=\"auto, (max-width: 1024px) 100vw, 1024px\" \/><\/a><\/p>\n<p>Fotografia 3: Gr\u00e0fica de producci\u00f3 d&#8217;una cooperativa d&#8217;un exercici de matem\u00e0tiques.<\/p>\n<p><a href=\"https:\/\/agora.xtec.cat\/ceip-falba\/wp-content\/uploads\/usu658\/2021\/02\/Fitxer_000.jpeg\"><img loading=\"lazy\" decoding=\"async\" class=\"alignnone size-large wp-image-7746\" src=\"https:\/\/agora.xtec.cat\/ceip-falba\/wp-content\/uploads\/usu658\/2021\/02\/Fitxer_000-1024x768.jpeg\" alt=\"\" width=\"1024\" height=\"768\" srcset=\"https:\/\/agora.xtec.cat\/ceip-falba\/wp-content\/uploads\/usu658\/2021\/02\/Fitxer_000-1024x768.jpeg 1024w, https:\/\/agora.xtec.cat\/ceip-falba\/wp-content\/uploads\/usu658\/2021\/02\/Fitxer_000-300x225.jpeg 300w, https:\/\/agora.xtec.cat\/ceip-falba\/wp-content\/uploads\/usu658\/2021\/02\/Fitxer_000-768x576.jpeg 768w, https:\/\/agora.xtec.cat\/ceip-falba\/wp-content\/uploads\/usu658\/2021\/02\/Fitxer_000-200x150.jpeg 200w\" sizes=\"auto, (max-width: 1024px) 100vw, 1024px\" \/><\/a><\/p>\n<p>Fotografia 4: Campanya de candidatures per als c\u00e0rrecs de la cooperativa, 5\u00e8B.<\/p>\n<p><a href=\"https:\/\/agora.xtec.cat\/ceip-falba\/wp-content\/uploads\/usu658\/2021\/02\/Fitxer_000-1.jpeg\"><img loading=\"lazy\" decoding=\"async\" class=\"alignnone size-large wp-image-7745\" src=\"https:\/\/agora.xtec.cat\/ceip-falba\/wp-content\/uploads\/usu658\/2021\/02\/Fitxer_000-1-1024x768.jpeg\" alt=\"\" width=\"1024\" height=\"768\" srcset=\"https:\/\/agora.xtec.cat\/ceip-falba\/wp-content\/uploads\/usu658\/2021\/02\/Fitxer_000-1-1024x768.jpeg 1024w, https:\/\/agora.xtec.cat\/ceip-falba\/wp-content\/uploads\/usu658\/2021\/02\/Fitxer_000-1-300x225.jpeg 300w, https:\/\/agora.xtec.cat\/ceip-falba\/wp-content\/uploads\/usu658\/2021\/02\/Fitxer_000-1-768x576.jpeg 768w, https:\/\/agora.xtec.cat\/ceip-falba\/wp-content\/uploads\/usu658\/2021\/02\/Fitxer_000-1-200x150.jpeg 200w\" sizes=\"auto, (max-width: 1024px) 100vw, 1024px\" \/><\/a><\/p>\n","protected":false},"excerpt":{"rendered":"<p>Informem que els nostres alumnes de 5\u00e8 estan fent i aprenent a portar a terme la seva pr\u00f2pia cooperativa. Treballem de manera globalitzada els continguts per tal de poder fer exposicions orals, juntes de reunions, votacions, creaci\u00f3 del logo, c\u00e0rrecs, etc.<br \/>\nFotografia 1: Exposici\u00f3 oral de&hellip;  <a href=\"https:\/\/agora.xtec.cat\/ceip-falba\/portada\/cooperatives-de-5e-a-i-b\/\" title=\"Read Cooperatives de 5\u00e8 A i B\">Llegeix m\u00e9s\u00bb<\/a><\/p>\n","protected":false},"author":1,"featured_media":7745,"comment_status":"open","ping_status":"closed","sticky":false,"template":"","format":"standard","meta":{"_bbp_topic_count":0,"_bbp_reply_count":0,"_bbp_total_topic_count":0,"_bbp_total_reply_count":0,"_bbp_voice_count":0,"_bbp_anonymous_reply_count":0,"_bbp_topic_count_hidden":0,"_bbp_reply_count_hidden":0,"_bbp_forum_subforum_count":0,"footnotes":""},"categories":[14,445,458,334,4,272],"tags":[],"class_list":["post-7744","post","type-post","status-publish","format-standard","has-post-thumbnail","hentry","category-5e","category-comunitat-gran","category-cooperativa","category-curs-2020-21","category-portada","category-sostenibilitat-planeta"],"post_mailing_queue_ids":[],"_links":{"self":[{"href":"https:\/\/agora.xtec.cat\/ceip-falba\/wp-json\/wp\/v2\/posts\/7744","targetHints":{"allow":["GET"]}}],"collection":[{"href":"https:\/\/agora.xtec.cat\/ceip-falba\/wp-json\/wp\/v2\/posts"}],"about":[{"href":"https:\/\/agora.xtec.cat\/ceip-falba\/wp-json\/wp\/v2\/types\/post"}],"author":[{"embeddable":true,"href":"https:\/\/agora.xtec.cat\/ceip-falba\/wp-json\/wp\/v2\/users\/1"}],"replies":[{"embeddable":true,"href":"https:\/\/agora.xtec.cat\/ceip-falba\/wp-json\/wp\/v2\/comments?post=7744"}],"version-history":[{"count":1,"href":"https:\/\/agora.xtec.cat\/ceip-falba\/wp-json\/wp\/v2\/posts\/7744\/revisions"}],"predecessor-version":[{"id":7749,"href":"https:\/\/agora.xtec.cat\/ceip-falba\/wp-json\/wp\/v2\/posts\/7744\/revisions\/7749"}],"wp:featuredmedia":[{"embeddable":true,"href":"https:\/\/agora.xtec.cat\/ceip-falba\/wp-json\/wp\/v2\/media\/7745"}],"wp:attachment":[{"href":"https:\/\/agora.xtec.cat\/ceip-falba\/wp-json\/wp\/v2\/media?parent=7744"}],"wp:term":[{"taxonomy":"category","embeddable":true,"href":"https:\/\/agora.xtec.cat\/ceip-falba\/wp-json\/wp\/v2\/categories?post=7744"},{"taxonomy":"post_tag","embeddable":true,"href":"https:\/\/agora.xtec.cat\/ceip-falba\/wp-json\/wp\/v2\/tags?post=7744"}],"curies":[{"name":"wp","href":"https:\/\/api.w.org\/{rel}","templated":true}]}}