{"id":7613,"date":"2021-01-30T10:18:45","date_gmt":"2021-01-30T09:18:45","guid":{"rendered":"http:\/\/agora.xtec.cat\/ceip-falba\/?p=7613"},"modified":"2021-01-30T10:24:36","modified_gmt":"2021-01-30T09:24:36","slug":"la-festa-de-la-pau-4t","status":"publish","type":"post","link":"https:\/\/agora.xtec.cat\/ceip-falba\/portada\/la-festa-de-la-pau-4t\/","title":{"rendered":"La festa de la Pau &#8211; 4t"},"content":{"rendered":"<p>Avui dia 30 de gener, \u00e9s el dia de la Pau i la No Viol\u00e8ncia.<\/p>\n<p>Al llarg de la setmana hem fet diferents activitats per treballar-ho amb els nostres alumnes. I la darrera, hem visionat el v\u00eddeo de la Festa de la Pau de la D\u00e0maris Gelabert.<\/p>\n<p><iframe loading=\"lazy\" title=\"D\u00e0maris Gelabert &amp; Convidats - La festa de la pau (Videoclip Oficial) #can\u00e7onsinfantils #fam\u00edlia\" width=\"500\" height=\"281\" src=\"https:\/\/www.youtube.com\/embed\/-ISx80tGzgg?feature=oembed\" frameborder=\"0\" allow=\"accelerometer; autoplay; clipboard-write; encrypted-media; gyroscope; picture-in-picture; web-share\" referrerpolicy=\"strict-origin-when-cross-origin\" allowfullscreen><\/iframe><\/p>\n<p>A partir l&#8217;aqu\u00ed, vam generar una xerrada sobre qu\u00e8 vol dir la Pau i vam crear missatges amb la frase de la can\u00e7\u00f3. Aqu\u00ed, alguns exemples:<\/p>\n<p><a href=\"https:\/\/agora.xtec.cat\/ceip-falba\/wp-content\/uploads\/usu658\/2021\/01\/Captura-de-pantalla-2021-01-30-a-les-10.10.22.png\"><img loading=\"lazy\" decoding=\"async\" class=\"alignnone wp-image-7614\" src=\"https:\/\/agora.xtec.cat\/ceip-falba\/wp-content\/uploads\/usu658\/2021\/01\/Captura-de-pantalla-2021-01-30-a-les-10.10.22.png\" alt=\"\" width=\"445\" height=\"64\" srcset=\"https:\/\/agora.xtec.cat\/ceip-falba\/wp-content\/uploads\/usu658\/2021\/01\/Captura-de-pantalla-2021-01-30-a-les-10.10.22.png 682w, https:\/\/agora.xtec.cat\/ceip-falba\/wp-content\/uploads\/usu658\/2021\/01\/Captura-de-pantalla-2021-01-30-a-les-10.10.22-300x43.png 300w\" sizes=\"auto, (max-width: 445px) 100vw, 445px\" \/><\/a><\/p>\n<p><a href=\"https:\/\/agora.xtec.cat\/ceip-falba\/wp-content\/uploads\/usu658\/2021\/01\/IMG_1271.jpg\"><img loading=\"lazy\" decoding=\"async\" class=\"alignnone wp-image-7615\" src=\"https:\/\/agora.xtec.cat\/ceip-falba\/wp-content\/uploads\/usu658\/2021\/01\/IMG_1271-300x215.jpg\" alt=\"\" width=\"289\" height=\"207\" srcset=\"https:\/\/agora.xtec.cat\/ceip-falba\/wp-content\/uploads\/usu658\/2021\/01\/IMG_1271-300x215.jpg 300w, https:\/\/agora.xtec.cat\/ceip-falba\/wp-content\/uploads\/usu658\/2021\/01\/IMG_1271-768x550.jpg 768w, https:\/\/agora.xtec.cat\/ceip-falba\/wp-content\/uploads\/usu658\/2021\/01\/IMG_1271-1024x733.jpg 1024w\" sizes=\"auto, (max-width: 289px) 100vw, 289px\" \/><\/a> <a href=\"https:\/\/agora.xtec.cat\/ceip-falba\/wp-content\/uploads\/usu658\/2021\/01\/IMG_1274.jpg\"><img loading=\"lazy\" decoding=\"async\" class=\"alignnone wp-image-7617\" src=\"https:\/\/agora.xtec.cat\/ceip-falba\/wp-content\/uploads\/usu658\/2021\/01\/IMG_1274-1024x712.jpg\" alt=\"\" width=\"289\" height=\"201\" srcset=\"https:\/\/agora.xtec.cat\/ceip-falba\/wp-content\/uploads\/usu658\/2021\/01\/IMG_1274-1024x712.jpg 1024w, https:\/\/agora.xtec.cat\/ceip-falba\/wp-content\/uploads\/usu658\/2021\/01\/IMG_1274-300x209.jpg 300w, https:\/\/agora.xtec.cat\/ceip-falba\/wp-content\/uploads\/usu658\/2021\/01\/IMG_1274-768x534.jpg 768w\" sizes=\"auto, (max-width: 289px) 100vw, 289px\" \/><\/a><a href=\"https:\/\/agora.xtec.cat\/ceip-falba\/wp-content\/uploads\/usu658\/2021\/01\/IMG_1273.jpg\"> <img loading=\"lazy\" decoding=\"async\" class=\"alignnone wp-image-7616\" src=\"https:\/\/agora.xtec.cat\/ceip-falba\/wp-content\/uploads\/usu658\/2021\/01\/IMG_1273-1024x726.jpg\" alt=\"\" width=\"289\" height=\"205\" srcset=\"https:\/\/agora.xtec.cat\/ceip-falba\/wp-content\/uploads\/usu658\/2021\/01\/IMG_1273-1024x726.jpg 1024w, https:\/\/agora.xtec.cat\/ceip-falba\/wp-content\/uploads\/usu658\/2021\/01\/IMG_1273-300x213.jpg 300w, https:\/\/agora.xtec.cat\/ceip-falba\/wp-content\/uploads\/usu658\/2021\/01\/IMG_1273-768x544.jpg 768w\" sizes=\"auto, (max-width: 289px) 100vw, 289px\" \/><\/a><\/p>\n<p>&nbsp;<\/p>\n<p>&nbsp;<\/p>\n<p>&nbsp;<\/p>\n<p>&nbsp;<\/p>\n<p>&nbsp;<\/p>\n","protected":false},"excerpt":{"rendered":"<p>Avui dia 30 de gener, \u00e9s el dia de la Pau i la No Viol\u00e8ncia.<br \/>\nAl llarg de la setmana hem fet diferents activitats per treballar-ho amb els nostres alumnes. I la darrera, hem visionat el v\u00eddeo de la Festa de la Pau de la D\u00e0maris&hellip;  <a href=\"https:\/\/agora.xtec.cat\/ceip-falba\/portada\/la-festa-de-la-pau-4t\/\" title=\"Read La festa de la Pau &#8211; 4t\">Llegeix m\u00e9s\u00bb<\/a><\/p>\n","protected":false},"author":1,"featured_media":0,"comment_status":"closed","ping_status":"closed","sticky":false,"template":"","format":"standard","meta":{"_bbp_topic_count":0,"_bbp_reply_count":0,"_bbp_total_topic_count":0,"_bbp_total_reply_count":0,"_bbp_voice_count":0,"_bbp_anonymous_reply_count":0,"_bbp_topic_count_hidden":0,"_bbp_reply_count_hidden":0,"_bbp_forum_subforum_count":0,"footnotes":""},"categories":[211,334,4],"tags":[259,99,343,342],"class_list":["post-7613","post","type-post","status-publish","format-standard","hentry","category-4t","category-curs-2020-21","category-portada","tag-comunitatdegrans","tag-festa","tag-pau","tag-quart"],"post_mailing_queue_ids":[],"_links":{"self":[{"href":"https:\/\/agora.xtec.cat\/ceip-falba\/wp-json\/wp\/v2\/posts\/7613","targetHints":{"allow":["GET"]}}],"collection":[{"href":"https:\/\/agora.xtec.cat\/ceip-falba\/wp-json\/wp\/v2\/posts"}],"about":[{"href":"https:\/\/agora.xtec.cat\/ceip-falba\/wp-json\/wp\/v2\/types\/post"}],"author":[{"embeddable":true,"href":"https:\/\/agora.xtec.cat\/ceip-falba\/wp-json\/wp\/v2\/users\/1"}],"replies":[{"embeddable":true,"href":"https:\/\/agora.xtec.cat\/ceip-falba\/wp-json\/wp\/v2\/comments?post=7613"}],"version-history":[{"count":4,"href":"https:\/\/agora.xtec.cat\/ceip-falba\/wp-json\/wp\/v2\/posts\/7613\/revisions"}],"predecessor-version":[{"id":7625,"href":"https:\/\/agora.xtec.cat\/ceip-falba\/wp-json\/wp\/v2\/posts\/7613\/revisions\/7625"}],"wp:attachment":[{"href":"https:\/\/agora.xtec.cat\/ceip-falba\/wp-json\/wp\/v2\/media?parent=7613"}],"wp:term":[{"taxonomy":"category","embeddable":true,"href":"https:\/\/agora.xtec.cat\/ceip-falba\/wp-json\/wp\/v2\/categories?post=7613"},{"taxonomy":"post_tag","embeddable":true,"href":"https:\/\/agora.xtec.cat\/ceip-falba\/wp-json\/wp\/v2\/tags?post=7613"}],"curies":[{"name":"wp","href":"https:\/\/api.w.org\/{rel}","templated":true}]}}