{"id":7575,"date":"2020-12-21T20:00:10","date_gmt":"2020-12-21T19:00:10","guid":{"rendered":"http:\/\/agora.xtec.cat\/ceip-falba\/?p=7575"},"modified":"2020-12-22T13:01:31","modified_gmt":"2020-12-22T12:01:31","slug":"dies-especials-a-4t","status":"publish","type":"post","link":"https:\/\/agora.xtec.cat\/ceip-falba\/portada\/dies-especials-a-4t\/","title":{"rendered":"Dies especials a 4t"},"content":{"rendered":"<p>Aquests \u00faltims dies els alumnes del 4t hem fet activitats especials. Divendres al mat\u00ed vam fer un bingo on alguns alumnes es van emportar el &#8220;Premio Gordo&#8221;, un pare noel gran de xocolata. Avui dilluns hem fet intercambi de regals entre padrins i fillols. Aquest any tenim nous padrins, els alumnes de 6\u00e8. Despr\u00e9s hem mirat el v\u00eddeo de les nadales i finalment hem menjat xocolata amb galetes i &#8220;barquillos&#8221;.<\/p>\n<p><a href=\"https:\/\/agora.xtec.cat\/ceip-falba\/wp-content\/uploads\/usu658\/2020\/12\/20201218_152713.jpg\"><img loading=\"lazy\" decoding=\"async\" class=\"alignnone  wp-image-7576\" src=\"https:\/\/agora.xtec.cat\/ceip-falba\/wp-content\/uploads\/usu658\/2020\/12\/20201218_152713-1024x768.jpg\" alt=\"\" width=\"672\" height=\"504\" srcset=\"https:\/\/agora.xtec.cat\/ceip-falba\/wp-content\/uploads\/usu658\/2020\/12\/20201218_152713-1024x768.jpg 1024w, https:\/\/agora.xtec.cat\/ceip-falba\/wp-content\/uploads\/usu658\/2020\/12\/20201218_152713-300x225.jpg 300w, https:\/\/agora.xtec.cat\/ceip-falba\/wp-content\/uploads\/usu658\/2020\/12\/20201218_152713-768x576.jpg 768w, https:\/\/agora.xtec.cat\/ceip-falba\/wp-content\/uploads\/usu658\/2020\/12\/20201218_152713-200x150.jpg 200w\" sizes=\"auto, (max-width: 672px) 100vw, 672px\" \/><\/a><\/p>\n<p>Cliqueu en el seg\u00fcent enlla\u00e7, per veure la resta de fotografies:\u00a0<a href=\"https:\/\/photos.app.goo.gl\/bmFqsvXRojMfaVTN6\">https:\/\/photos.app.goo.gl\/bmFqsvXRojMfaVTN6<\/a><\/p>\n<p>&nbsp;<\/p>\n<p>&nbsp;<\/p>\n<p>&nbsp;<\/p>\n<p>&nbsp;<\/p>\n","protected":false},"excerpt":{"rendered":"<p>Aquests \u00faltims dies els alumnes del 4t hem fet activitats especials. Divendres al mat\u00ed vam fer un bingo on alguns alumnes es van emportar el &#8220;Premio Gordo&#8221;, un pare noel gran de xocolata. Avui dilluns hem fet intercambi de regals entre padrins i fillols. Aquest&hellip;  <a href=\"https:\/\/agora.xtec.cat\/ceip-falba\/portada\/dies-especials-a-4t\/\" title=\"Read Dies especials a 4t\">Llegeix m\u00e9s\u00bb<\/a><\/p>\n","protected":false},"author":1,"featured_media":0,"comment_status":"open","ping_status":"closed","sticky":false,"template":"","format":"standard","meta":{"_bbp_topic_count":0,"_bbp_reply_count":0,"_bbp_total_topic_count":0,"_bbp_total_reply_count":0,"_bbp_voice_count":0,"_bbp_anonymous_reply_count":0,"_bbp_topic_count_hidden":0,"_bbp_reply_count_hidden":0,"_bbp_forum_subforum_count":0,"footnotes":""},"categories":[211,4],"tags":[341,159],"class_list":["post-7575","post","type-post","status-publish","format-standard","hentry","category-4t","category-portada","tag-4t","tag-nadal"],"post_mailing_queue_ids":[],"_links":{"self":[{"href":"https:\/\/agora.xtec.cat\/ceip-falba\/wp-json\/wp\/v2\/posts\/7575","targetHints":{"allow":["GET"]}}],"collection":[{"href":"https:\/\/agora.xtec.cat\/ceip-falba\/wp-json\/wp\/v2\/posts"}],"about":[{"href":"https:\/\/agora.xtec.cat\/ceip-falba\/wp-json\/wp\/v2\/types\/post"}],"author":[{"embeddable":true,"href":"https:\/\/agora.xtec.cat\/ceip-falba\/wp-json\/wp\/v2\/users\/1"}],"replies":[{"embeddable":true,"href":"https:\/\/agora.xtec.cat\/ceip-falba\/wp-json\/wp\/v2\/comments?post=7575"}],"version-history":[{"count":2,"href":"https:\/\/agora.xtec.cat\/ceip-falba\/wp-json\/wp\/v2\/posts\/7575\/revisions"}],"predecessor-version":[{"id":7578,"href":"https:\/\/agora.xtec.cat\/ceip-falba\/wp-json\/wp\/v2\/posts\/7575\/revisions\/7578"}],"wp:attachment":[{"href":"https:\/\/agora.xtec.cat\/ceip-falba\/wp-json\/wp\/v2\/media?parent=7575"}],"wp:term":[{"taxonomy":"category","embeddable":true,"href":"https:\/\/agora.xtec.cat\/ceip-falba\/wp-json\/wp\/v2\/categories?post=7575"},{"taxonomy":"post_tag","embeddable":true,"href":"https:\/\/agora.xtec.cat\/ceip-falba\/wp-json\/wp\/v2\/tags?post=7575"}],"curies":[{"name":"wp","href":"https:\/\/api.w.org\/{rel}","templated":true}]}}