{"id":7562,"date":"2020-12-21T13:09:42","date_gmt":"2020-12-21T12:09:42","guid":{"rendered":"http:\/\/agora.xtec.cat\/ceip-falba\/?p=7562"},"modified":"2020-12-21T17:39:33","modified_gmt":"2020-12-21T16:39:33","slug":"festival-de-nadal-2","status":"publish","type":"post","link":"https:\/\/agora.xtec.cat\/ceip-falba\/general\/festival-de-nadal-2\/","title":{"rendered":"FESTIVAL DE NADAL"},"content":{"rendered":"<p><a href=\"https:\/\/drive.google.com\/file\/d\/1NzRwlHx1uIBcbtTqZiCzfTt7UT2iF0c6\/view?usp=sharing\"><img loading=\"lazy\" decoding=\"async\" class=\"wp-image-7563 size-full\" src=\"https:\/\/agora.xtec.cat\/ceip-falba\/wp-content\/uploads\/usu658\/2020\/12\/nadal-1.jpg\" alt=\"\" width=\"2304\" height=\"1728\" srcset=\"https:\/\/agora.xtec.cat\/ceip-falba\/wp-content\/uploads\/usu658\/2020\/12\/nadal-1.jpg 2304w, https:\/\/agora.xtec.cat\/ceip-falba\/wp-content\/uploads\/usu658\/2020\/12\/nadal-1-300x225.jpg 300w, https:\/\/agora.xtec.cat\/ceip-falba\/wp-content\/uploads\/usu658\/2020\/12\/nadal-1-768x576.jpg 768w, https:\/\/agora.xtec.cat\/ceip-falba\/wp-content\/uploads\/usu658\/2020\/12\/nadal-1-1024x768.jpg 1024w, https:\/\/agora.xtec.cat\/ceip-falba\/wp-content\/uploads\/usu658\/2020\/12\/nadal-1-200x150.jpg 200w\" sizes=\"auto, (max-width: 2304px) 100vw, 2304px\" \/><\/a><\/p>\n<p>Avui infants i mestres de l&#8217;escola hem pogut gaudir del Festival de Nadal d&#8217;aquest any. Un festival molt diferent al que acostumem a celebrar per\u00f2 que tamb\u00e9 ens ha portat moments molt divertits. Us animem a que el mireu fins al final per tal de no perdre&#8217;s cap sorpresa!<\/p>\n<p>Agra\u00efm l&#8217;esfor\u00e7 que ha fet el Biel, ex alumne del centre,\u00a0 el seu pare Marc i la seva mare Laia, que s\u00f3n els que han fet el muntatge del v\u00eddeo. Tamb\u00e9, com ja estem acostumats, a la Maribel, mare de l&#8217;Erik de 5\u00e8 , que ens va ajudar amb les gravacions.<\/p>\n<p>Esperem que us agradi i que pugueu passar una gran estona en fam\u00edlia mirant els vostres fills i filles i la resta de companys\/es.<\/p>\n<p>&nbsp;<\/p>\n","protected":false},"excerpt":{"rendered":"<p><a href=\"https:\/\/drive.google.com\/file\/d\/1NzRwlHx1uIBcbtTqZiCzfTt7UT2iF0c6\/view?usp=sharing\"><\/a><br \/>\nAvui infants i mestres de l&#8217;escola hem pogut gaudir del Festival de Nadal d&#8217;aquest any. Un festival molt diferent al que acostumem a celebrar per\u00f2 que tamb\u00e9 ens ha portat moments molt divertits. Us animem a que el mireu fins al final per tal&hellip;  <a href=\"https:\/\/agora.xtec.cat\/ceip-falba\/general\/festival-de-nadal-2\/\" title=\"Read FESTIVAL DE NADAL\">Llegeix m\u00e9s\u00bb<\/a><\/p>\n","protected":false},"author":1,"featured_media":7563,"comment_status":"closed","ping_status":"closed","sticky":false,"template":"","format":"standard","meta":{"_bbp_topic_count":0,"_bbp_reply_count":0,"_bbp_total_topic_count":0,"_bbp_total_reply_count":0,"_bbp_voice_count":0,"_bbp_anonymous_reply_count":0,"_bbp_topic_count_hidden":0,"_bbp_reply_count_hidden":0,"_bbp_forum_subforum_count":0,"footnotes":""},"categories":[334,35,1,157,4],"tags":[],"class_list":["post-7562","post","type-post","status-publish","format-standard","has-post-thumbnail","hentry","category-curs-2020-21","category-festes","category-general","category-nadal","category-portada"],"post_mailing_queue_ids":[],"_links":{"self":[{"href":"https:\/\/agora.xtec.cat\/ceip-falba\/wp-json\/wp\/v2\/posts\/7562","targetHints":{"allow":["GET"]}}],"collection":[{"href":"https:\/\/agora.xtec.cat\/ceip-falba\/wp-json\/wp\/v2\/posts"}],"about":[{"href":"https:\/\/agora.xtec.cat\/ceip-falba\/wp-json\/wp\/v2\/types\/post"}],"author":[{"embeddable":true,"href":"https:\/\/agora.xtec.cat\/ceip-falba\/wp-json\/wp\/v2\/users\/1"}],"replies":[{"embeddable":true,"href":"https:\/\/agora.xtec.cat\/ceip-falba\/wp-json\/wp\/v2\/comments?post=7562"}],"version-history":[{"count":3,"href":"https:\/\/agora.xtec.cat\/ceip-falba\/wp-json\/wp\/v2\/posts\/7562\/revisions"}],"predecessor-version":[{"id":7566,"href":"https:\/\/agora.xtec.cat\/ceip-falba\/wp-json\/wp\/v2\/posts\/7562\/revisions\/7566"}],"wp:featuredmedia":[{"embeddable":true,"href":"https:\/\/agora.xtec.cat\/ceip-falba\/wp-json\/wp\/v2\/media\/7563"}],"wp:attachment":[{"href":"https:\/\/agora.xtec.cat\/ceip-falba\/wp-json\/wp\/v2\/media?parent=7562"}],"wp:term":[{"taxonomy":"category","embeddable":true,"href":"https:\/\/agora.xtec.cat\/ceip-falba\/wp-json\/wp\/v2\/categories?post=7562"},{"taxonomy":"post_tag","embeddable":true,"href":"https:\/\/agora.xtec.cat\/ceip-falba\/wp-json\/wp\/v2\/tags?post=7562"}],"curies":[{"name":"wp","href":"https:\/\/api.w.org\/{rel}","templated":true}]}}