{"id":7553,"date":"2020-12-20T19:05:22","date_gmt":"2020-12-20T18:05:22","guid":{"rendered":"http:\/\/agora.xtec.cat\/ceip-falba\/?p=7553"},"modified":"2020-12-20T19:05:22","modified_gmt":"2020-12-20T18:05:22","slug":"el-tio-a-lescola-p4","status":"publish","type":"post","link":"https:\/\/agora.xtec.cat\/ceip-falba\/infantil\/el-tio-a-lescola-p4\/","title":{"rendered":"El Ti\u00f3 a l&#8217;Escola (P4)"},"content":{"rendered":"<p>El Ti\u00f3 ja ha arribat a l&#8217;escola!!! L&#8217;hem anat a buscar a l&#8217;hort i li hem posat una manta perqu\u00e8 no passi fred i tamb\u00e9 la mascareta per protegirlo de qualsevol contagi. Despr\u00e9s hem llegit la carta.<\/p>\n<p>Durant uns dies li hem portat menjar per engreixar-lo for\u00e7a i finalment ha arribat el dia de fer-lo cagar. Estem molt contents ja que ens ha cagat neules i torrons i aix\u00f2 ens agrada molt.<\/p>\n<p>Aix\u00f2 si, perqu\u00e8 ens cagu\u00e9s, hem hagut de cantar la can\u00e7\u00f3 i picar ben fort.<\/p>\n<p>Aqui teniu la can\u00e7\u00f3:<\/p>\n<p><iframe loading=\"lazy\" title=\"Caga Ti\u00f3 [Mainasons Nadales]\" width=\"500\" height=\"281\" src=\"https:\/\/www.youtube.com\/embed\/EhTeNuUmLQ8?feature=oembed\" frameborder=\"0\" allow=\"accelerometer; autoplay; clipboard-write; encrypted-media; gyroscope; picture-in-picture; web-share\" referrerpolicy=\"strict-origin-when-cross-origin\" allowfullscreen><\/iframe><\/p>\n<p>&nbsp;<\/p>\n<p>I aqu\u00ed teniu les fotos:<\/p>\n<p><a href=\"https:\/\/photos.app.goo.gl\/NnDHmrYWrCJrnRvf8\">Fotos del Ti\u00f3 (P4)<\/a><\/p>\n<p>&nbsp;<\/p>\n<p>&nbsp;<\/p>\n<p>&nbsp;<\/p>\n","protected":false},"excerpt":{"rendered":"<p>El Ti\u00f3 ja ha arribat a l&#8217;escola!!! L&#8217;hem anat a buscar a l&#8217;hort i li hem posat una manta perqu\u00e8 no passi fred i tamb\u00e9 la mascareta per protegirlo de qualsevol contagi. Despr\u00e9s hem llegit la carta.<br \/>\nDurant uns dies li hem portat menjar per engreixar-lo&hellip;  <a href=\"https:\/\/agora.xtec.cat\/ceip-falba\/infantil\/el-tio-a-lescola-p4\/\" title=\"Read El Ti\u00f3 a l&#8217;Escola (P4)\">Llegeix m\u00e9s\u00bb<\/a><\/p>\n","protected":false},"author":13,"featured_media":7555,"comment_status":"closed","ping_status":"closed","sticky":false,"template":"","format":"standard","meta":{"_bbp_topic_count":0,"_bbp_reply_count":0,"_bbp_total_topic_count":0,"_bbp_total_reply_count":0,"_bbp_voice_count":0,"_bbp_anonymous_reply_count":0,"_bbp_topic_count_hidden":0,"_bbp_reply_count_hidden":0,"_bbp_forum_subforum_count":0,"footnotes":""},"categories":[340,334,8,2,157,4],"tags":[],"class_list":["post-7553","post","type-post","status-publish","format-standard","has-post-thumbnail","hentry","category-comunitat-de-petits","category-curs-2020-21","category-p4","category-infantil","category-nadal","category-portada"],"post_mailing_queue_ids":[],"_links":{"self":[{"href":"https:\/\/agora.xtec.cat\/ceip-falba\/wp-json\/wp\/v2\/posts\/7553","targetHints":{"allow":["GET"]}}],"collection":[{"href":"https:\/\/agora.xtec.cat\/ceip-falba\/wp-json\/wp\/v2\/posts"}],"about":[{"href":"https:\/\/agora.xtec.cat\/ceip-falba\/wp-json\/wp\/v2\/types\/post"}],"author":[{"embeddable":true,"href":"https:\/\/agora.xtec.cat\/ceip-falba\/wp-json\/wp\/v2\/users\/13"}],"replies":[{"embeddable":true,"href":"https:\/\/agora.xtec.cat\/ceip-falba\/wp-json\/wp\/v2\/comments?post=7553"}],"version-history":[{"count":1,"href":"https:\/\/agora.xtec.cat\/ceip-falba\/wp-json\/wp\/v2\/posts\/7553\/revisions"}],"predecessor-version":[{"id":7554,"href":"https:\/\/agora.xtec.cat\/ceip-falba\/wp-json\/wp\/v2\/posts\/7553\/revisions\/7554"}],"wp:featuredmedia":[{"embeddable":true,"href":"https:\/\/agora.xtec.cat\/ceip-falba\/wp-json\/wp\/v2\/media\/7555"}],"wp:attachment":[{"href":"https:\/\/agora.xtec.cat\/ceip-falba\/wp-json\/wp\/v2\/media?parent=7553"}],"wp:term":[{"taxonomy":"category","embeddable":true,"href":"https:\/\/agora.xtec.cat\/ceip-falba\/wp-json\/wp\/v2\/categories?post=7553"},{"taxonomy":"post_tag","embeddable":true,"href":"https:\/\/agora.xtec.cat\/ceip-falba\/wp-json\/wp\/v2\/tags?post=7553"}],"curies":[{"name":"wp","href":"https:\/\/api.w.org\/{rel}","templated":true}]}}