{"id":7147,"date":"2020-10-26T12:19:06","date_gmt":"2020-10-26T11:19:06","guid":{"rendered":"http:\/\/agora.xtec.cat\/ceip-falba\/?p=7147"},"modified":"2020-10-26T12:20:30","modified_gmt":"2020-10-26T11:20:30","slug":"virus-virus-marxa","status":"publish","type":"post","link":"https:\/\/agora.xtec.cat\/ceip-falba\/portada\/virus-virus-marxa\/","title":{"rendered":"Virus, virus marxa!"},"content":{"rendered":"<p>Al llarg d&#8217;aquests dos primers mesos d&#8217;escola, els nois i noies de sis\u00e8 han anat preparant a trav\u00e9s dels dossier &#8220;Ep! les mans ben netes&#8221; de la Generalitat de Catalunya, tot un seguit de propostes i experiments per entendre la import\u00e0ncia de rentar-nos b\u00e9 les mans. A trav\u00e9s d&#8217;aquest aquest v\u00eddeo volen compartir amb tots\/totes vosaltres les seves reflexions i conclusions. Esperem que us agradi.<\/p>\n<div style=\"width: 368px;\" class=\"wp-video\"><!--[if lt IE 9]><script>document.createElement('video');<\/script><![endif]-->\n<video class=\"wp-video-shortcode\" id=\"video-7147-1\" width=\"368\" height=\"368\" preload=\"metadata\" controls=\"controls\"><source type=\"video\/mp4\" src=\"https:\/\/agora.xtec.cat\/ceip-falba\/wp-content\/uploads\/usu658\/2020\/10\/XiaoYing_Video_1603525342266.mp4?_=1\" \/><a href=\"https:\/\/agora.xtec.cat\/ceip-falba\/wp-content\/uploads\/usu658\/2020\/10\/XiaoYing_Video_1603525342266.mp4\">https:\/\/agora.xtec.cat\/ceip-falba\/wp-content\/uploads\/usu658\/2020\/10\/XiaoYing_Video_1603525342266.mp4<\/a><\/video><\/div>\n<p>Lletra, veu i percussi\u00f3 corporal: Grup de 6\u00e8C<\/p>\n<p><a href=\"https:\/\/agora.xtec.cat\/ceip-falba\/wp-content\/uploads\/usu658\/2020\/10\/Lletra-_Virusvirusmarxa_-1.jpg\"><img loading=\"lazy\" decoding=\"async\" class=\"alignnone size-large wp-image-7150\" src=\"https:\/\/agora.xtec.cat\/ceip-falba\/wp-content\/uploads\/usu658\/2020\/10\/Lletra-_Virusvirusmarxa_-1-724x1024.jpg\" alt=\"\" width=\"724\" height=\"1024\" srcset=\"https:\/\/agora.xtec.cat\/ceip-falba\/wp-content\/uploads\/usu658\/2020\/10\/Lletra-_Virusvirusmarxa_-1-724x1024.jpg 724w, https:\/\/agora.xtec.cat\/ceip-falba\/wp-content\/uploads\/usu658\/2020\/10\/Lletra-_Virusvirusmarxa_-1-212x300.jpg 212w, https:\/\/agora.xtec.cat\/ceip-falba\/wp-content\/uploads\/usu658\/2020\/10\/Lletra-_Virusvirusmarxa_-1-768x1087.jpg 768w, https:\/\/agora.xtec.cat\/ceip-falba\/wp-content\/uploads\/usu658\/2020\/10\/Lletra-_Virusvirusmarxa_-1.jpg 950w\" sizes=\"auto, (max-width: 724px) 100vw, 724px\" \/><\/a><\/p>\n<p>Base musical: Can\u00e7\u00f3 &#8220;We will rock you&#8221; de Queen.<\/p>\n","protected":false},"excerpt":{"rendered":"<p>Reflexions i conclusions sobre la import\u00e0ncia de rentar-nos b\u00e9 les mans per fer marxar els virus. &hellip;  <a href=\"https:\/\/agora.xtec.cat\/ceip-falba\/portada\/virus-virus-marxa\/\" title=\"Read Virus, virus marxa!\">Llegeix m\u00e9s\u00bb<\/a><\/p>\n","protected":false},"author":48,"featured_media":7149,"comment_status":"closed","ping_status":"closed","sticky":false,"template":"","format":"standard","meta":{"_bbp_topic_count":0,"_bbp_reply_count":0,"_bbp_total_topic_count":0,"_bbp_total_reply_count":0,"_bbp_voice_count":0,"_bbp_anonymous_reply_count":0,"_bbp_topic_count_hidden":0,"_bbp_reply_count_hidden":0,"_bbp_forum_subforum_count":0,"footnotes":""},"categories":[15,334,4,5],"tags":[259,322],"class_list":["post-7147","post","type-post","status-publish","format-standard","has-post-thumbnail","hentry","category-6e","category-curs-2020-21","category-portada","category-primaria","tag-comunitatdegrans","tag-tempsdecoronavirus"],"post_mailing_queue_ids":[],"_links":{"self":[{"href":"https:\/\/agora.xtec.cat\/ceip-falba\/wp-json\/wp\/v2\/posts\/7147","targetHints":{"allow":["GET"]}}],"collection":[{"href":"https:\/\/agora.xtec.cat\/ceip-falba\/wp-json\/wp\/v2\/posts"}],"about":[{"href":"https:\/\/agora.xtec.cat\/ceip-falba\/wp-json\/wp\/v2\/types\/post"}],"author":[{"embeddable":true,"href":"https:\/\/agora.xtec.cat\/ceip-falba\/wp-json\/wp\/v2\/users\/48"}],"replies":[{"embeddable":true,"href":"https:\/\/agora.xtec.cat\/ceip-falba\/wp-json\/wp\/v2\/comments?post=7147"}],"version-history":[{"count":2,"href":"https:\/\/agora.xtec.cat\/ceip-falba\/wp-json\/wp\/v2\/posts\/7147\/revisions"}],"predecessor-version":[{"id":7152,"href":"https:\/\/agora.xtec.cat\/ceip-falba\/wp-json\/wp\/v2\/posts\/7147\/revisions\/7152"}],"wp:featuredmedia":[{"embeddable":true,"href":"https:\/\/agora.xtec.cat\/ceip-falba\/wp-json\/wp\/v2\/media\/7149"}],"wp:attachment":[{"href":"https:\/\/agora.xtec.cat\/ceip-falba\/wp-json\/wp\/v2\/media?parent=7147"}],"wp:term":[{"taxonomy":"category","embeddable":true,"href":"https:\/\/agora.xtec.cat\/ceip-falba\/wp-json\/wp\/v2\/categories?post=7147"},{"taxonomy":"post_tag","embeddable":true,"href":"https:\/\/agora.xtec.cat\/ceip-falba\/wp-json\/wp\/v2\/tags?post=7147"}],"curies":[{"name":"wp","href":"https:\/\/api.w.org\/{rel}","templated":true}]}}