{"id":7058,"date":"2020-10-17T11:17:34","date_gmt":"2020-10-17T09:17:34","guid":{"rendered":"http:\/\/agora.xtec.cat\/ceip-falba\/?p=7058"},"modified":"2020-10-20T17:32:39","modified_gmt":"2020-10-20T15:32:39","slug":"musica-ens-tornarem-a-abracar","status":"publish","type":"post","link":"https:\/\/agora.xtec.cat\/ceip-falba\/portada\/musica-ens-tornarem-a-abracar\/","title":{"rendered":"M\u00fasica: Ens tornarem a abra\u00e7ar."},"content":{"rendered":"<p>Els alumnes de 4t hem estat treballant la can\u00e7\u00f3 &#8220;Ens tornarem a abra\u00e7ar&#8221; de Mateu Peramiquel i Mar Puig que van produ\u00efr a WeColorMusic, durant el confinament. Des de l&#8217;\u00e0rea de m\u00fasica, l&#8217;hem cantat i l&#8217;hem ballat. Aquest v\u00eddeo est\u00e0 en format karaoke perqu\u00e8 la pogueu cantar. Esperem que us agradi!<\/p>\n<p><iframe loading=\"lazy\" title=\"Ens tornarem a abrac\u0327ar\" width=\"500\" height=\"281\" src=\"https:\/\/www.youtube.com\/embed\/HEXH0dMskH8?feature=oembed\" frameborder=\"0\" allow=\"accelerometer; autoplay; clipboard-write; encrypted-media; gyroscope; picture-in-picture; web-share\" referrerpolicy=\"strict-origin-when-cross-origin\" allowfullscreen><\/iframe><\/p>\n","protected":false},"excerpt":{"rendered":"<p>Els alumnes de 4t hem estat treballant la can\u00e7\u00f3 &#8220;Ens tornarem a abra\u00e7ar&#8221; de Mateu Peramiquel i Mar Puig que van produ\u00efr a WeColorMusic, durant el confinament. Des de l&#8217;\u00e0rea de m\u00fasica, l&#8217;hem cantat i l&#8217;hem ballat. Aquest v\u00eddeo est\u00e0 en format karaoke perqu\u00e8 la&hellip;  <a href=\"https:\/\/agora.xtec.cat\/ceip-falba\/portada\/musica-ens-tornarem-a-abracar\/\" title=\"Read M\u00fasica: Ens tornarem a abra\u00e7ar.\">Llegeix m\u00e9s\u00bb<\/a><\/p>\n","protected":false},"author":1,"featured_media":0,"comment_status":"open","ping_status":"closed","sticky":false,"template":"","format":"standard","meta":{"_bbp_topic_count":0,"_bbp_reply_count":0,"_bbp_total_topic_count":0,"_bbp_total_reply_count":0,"_bbp_voice_count":0,"_bbp_anonymous_reply_count":0,"_bbp_topic_count_hidden":0,"_bbp_reply_count_hidden":0,"_bbp_forum_subforum_count":0,"footnotes":""},"categories":[211,4],"tags":[],"class_list":["post-7058","post","type-post","status-publish","format-standard","hentry","category-4t","category-portada"],"post_mailing_queue_ids":[],"_links":{"self":[{"href":"https:\/\/agora.xtec.cat\/ceip-falba\/wp-json\/wp\/v2\/posts\/7058","targetHints":{"allow":["GET"]}}],"collection":[{"href":"https:\/\/agora.xtec.cat\/ceip-falba\/wp-json\/wp\/v2\/posts"}],"about":[{"href":"https:\/\/agora.xtec.cat\/ceip-falba\/wp-json\/wp\/v2\/types\/post"}],"author":[{"embeddable":true,"href":"https:\/\/agora.xtec.cat\/ceip-falba\/wp-json\/wp\/v2\/users\/1"}],"replies":[{"embeddable":true,"href":"https:\/\/agora.xtec.cat\/ceip-falba\/wp-json\/wp\/v2\/comments?post=7058"}],"version-history":[{"count":3,"href":"https:\/\/agora.xtec.cat\/ceip-falba\/wp-json\/wp\/v2\/posts\/7058\/revisions"}],"predecessor-version":[{"id":7062,"href":"https:\/\/agora.xtec.cat\/ceip-falba\/wp-json\/wp\/v2\/posts\/7058\/revisions\/7062"}],"wp:attachment":[{"href":"https:\/\/agora.xtec.cat\/ceip-falba\/wp-json\/wp\/v2\/media?parent=7058"}],"wp:term":[{"taxonomy":"category","embeddable":true,"href":"https:\/\/agora.xtec.cat\/ceip-falba\/wp-json\/wp\/v2\/categories?post=7058"},{"taxonomy":"post_tag","embeddable":true,"href":"https:\/\/agora.xtec.cat\/ceip-falba\/wp-json\/wp\/v2\/tags?post=7058"}],"curies":[{"name":"wp","href":"https:\/\/api.w.org\/{rel}","templated":true}]}}