{"id":6939,"date":"2020-06-26T12:12:46","date_gmt":"2020-06-26T10:12:46","guid":{"rendered":"http:\/\/agora.xtec.cat\/ceip-falba\/?p=6939"},"modified":"2020-06-26T12:12:46","modified_gmt":"2020-06-26T10:12:46","slug":"font-tv-ultim-programa","status":"publish","type":"post","link":"https:\/\/agora.xtec.cat\/ceip-falba\/portada\/font-tv-ultim-programa\/","title":{"rendered":"Font TV &#8211; \u00daltim programa!"},"content":{"rendered":"<p>B\u00e9, i amb aix\u00f2 acabem la &#8220;saga&#8221; Font TV 2020. En aquest darrer programa no vam poder enregistrar totes les seccions que els alumnes heu preparat, per\u00f2 us animem a seguir fent aquest treball amb temes audiovisuals en el m\u00f3n digital que ens envolta. Ha estat un temps molt maco i de veure un progr\u00e9s enorme i la motivaci\u00f3 que sempre us ha acompanyat a l&#8217;hora d&#8217;elaborar guions, de practicar l&#8217;expressi\u00f3 oral (i davant una c\u00e0mera) i la part d&#8217;enregistrar i editar el v\u00eddeo. Heu fet uns programes molt interessants i us volem felicitar tota la feina feta! La responsabilitat i les ganes de superaci\u00f3. Que us acompanyi durant tot el cam\u00ed que teniu endavant.<\/p>\n<p style=\"text-align: center;\"><iframe loading=\"lazy\" src=\"\/\/www.youtube.com\/embed\/PYCvpqbnyu4\" width=\"560\" height=\"314\"><\/iframe><\/p>\n<p style=\"text-align: center;\">Una forta abra\u00e7ada de part de tot l&#8217;equip de producci\u00f3 i realitzaci\u00f3 de Font TV! \ud83d\ude42<\/p>\n","protected":false},"excerpt":{"rendered":"<p>B\u00e9, i amb aix\u00f2 acabem la &#8220;saga&#8221; Font TV 2020.&hellip;  <a href=\"https:\/\/agora.xtec.cat\/ceip-falba\/portada\/font-tv-ultim-programa\/\" title=\"Read Font TV &#8211; \u00daltim programa!\">Llegeix m\u00e9s\u00bb<\/a><\/p>\n","protected":false},"author":1,"featured_media":6940,"comment_status":"closed","ping_status":"closed","sticky":false,"template":"","format":"standard","meta":{"_bbp_topic_count":0,"_bbp_reply_count":0,"_bbp_total_topic_count":0,"_bbp_total_reply_count":0,"_bbp_voice_count":0,"_bbp_anonymous_reply_count":0,"_bbp_topic_count_hidden":0,"_bbp_reply_count_hidden":0,"_bbp_forum_subforum_count":0,"footnotes":""},"categories":[15,262,26,4],"tags":[],"class_list":["post-6939","post","type-post","status-publish","format-standard","has-post-thumbnail","hentry","category-6e","category-curs-2019-20","category-fonttv","category-portada"],"post_mailing_queue_ids":[],"_links":{"self":[{"href":"https:\/\/agora.xtec.cat\/ceip-falba\/wp-json\/wp\/v2\/posts\/6939","targetHints":{"allow":["GET"]}}],"collection":[{"href":"https:\/\/agora.xtec.cat\/ceip-falba\/wp-json\/wp\/v2\/posts"}],"about":[{"href":"https:\/\/agora.xtec.cat\/ceip-falba\/wp-json\/wp\/v2\/types\/post"}],"author":[{"embeddable":true,"href":"https:\/\/agora.xtec.cat\/ceip-falba\/wp-json\/wp\/v2\/users\/1"}],"replies":[{"embeddable":true,"href":"https:\/\/agora.xtec.cat\/ceip-falba\/wp-json\/wp\/v2\/comments?post=6939"}],"version-history":[{"count":1,"href":"https:\/\/agora.xtec.cat\/ceip-falba\/wp-json\/wp\/v2\/posts\/6939\/revisions"}],"predecessor-version":[{"id":6941,"href":"https:\/\/agora.xtec.cat\/ceip-falba\/wp-json\/wp\/v2\/posts\/6939\/revisions\/6941"}],"wp:featuredmedia":[{"embeddable":true,"href":"https:\/\/agora.xtec.cat\/ceip-falba\/wp-json\/wp\/v2\/media\/6940"}],"wp:attachment":[{"href":"https:\/\/agora.xtec.cat\/ceip-falba\/wp-json\/wp\/v2\/media?parent=6939"}],"wp:term":[{"taxonomy":"category","embeddable":true,"href":"https:\/\/agora.xtec.cat\/ceip-falba\/wp-json\/wp\/v2\/categories?post=6939"},{"taxonomy":"post_tag","embeddable":true,"href":"https:\/\/agora.xtec.cat\/ceip-falba\/wp-json\/wp\/v2\/tags?post=6939"}],"curies":[{"name":"wp","href":"https:\/\/api.w.org\/{rel}","templated":true}]}}