{"id":6901,"date":"2020-06-18T14:58:38","date_gmt":"2020-06-18T12:58:38","guid":{"rendered":"http:\/\/agora.xtec.cat\/ceip-falba\/?p=6901"},"modified":"2020-06-22T14:37:17","modified_gmt":"2020-06-22T12:37:17","slug":"our-quotes","status":"publish","type":"post","link":"https:\/\/agora.xtec.cat\/ceip-falba\/portada\/our-quotes\/","title":{"rendered":"Our quotes!"},"content":{"rendered":"<p>Despr\u00e9s d&#8217;unes setmanetes, us enviem la Playlist de l&#8217;escola Font de l&#8217;Alba. Moltes gr\u00e0cies a tots els que heu colaborat per poder tenir un llistat de can\u00e7ons que ens donen \u00e0nims i ens ajuden a estar junts, tot i la dist\u00e0ncia!<\/p>\n<p>Aqu\u00ed us deixem la Playlist:<\/p>\n<p><a href=\"https:\/\/www.youtube.com\/playlist?list=PL3IgWTmESMUsPbZMNwtlRCnb9_Xx4iFIH\">https:\/\/www.youtube.com\/playlist?list=PL3IgWTmESMUsPbZMNwtlRCnb9_Xx4iFIH<\/a><\/p>\n<blockquote><p>&nbsp;<\/p>\n<p><a href=\"https:\/\/agora.xtec.cat\/ceip-falba\/wp-content\/uploads\/usu658\/2020\/06\/I-tu-amb-qu\u00e8-et-quedes.jpg\"><img loading=\"lazy\" decoding=\"async\" class=\"alignright size-full wp-image-6902\" src=\"https:\/\/agora.xtec.cat\/ceip-falba\/wp-content\/uploads\/usu658\/2020\/06\/I-tu-amb-qu\u00e8-et-quedes.jpg\" alt=\"\" width=\"2000\" height=\"1600\" srcset=\"https:\/\/agora.xtec.cat\/ceip-falba\/wp-content\/uploads\/usu658\/2020\/06\/I-tu-amb-qu\u00e8-et-quedes.jpg 2000w, https:\/\/agora.xtec.cat\/ceip-falba\/wp-content\/uploads\/usu658\/2020\/06\/I-tu-amb-qu\u00e8-et-quedes-300x240.jpg 300w, https:\/\/agora.xtec.cat\/ceip-falba\/wp-content\/uploads\/usu658\/2020\/06\/I-tu-amb-qu\u00e8-et-quedes-768x614.jpg 768w, https:\/\/agora.xtec.cat\/ceip-falba\/wp-content\/uploads\/usu658\/2020\/06\/I-tu-amb-qu\u00e8-et-quedes-1024x819.jpg 1024w\" sizes=\"auto, (max-width: 2000px) 100vw, 2000px\" \/><\/a><\/p>\n<p>&nbsp;<\/p>\n<p>&nbsp;<\/p>\n<p>&nbsp;<\/p>\n<p>&nbsp;<\/p>\n<p>&nbsp;<\/p>\n<p>&nbsp;<\/p>\n<p>&nbsp;<\/p>\n<p>&nbsp;<\/p><\/blockquote>\n<p>&nbsp;<\/p>\n<p>&nbsp;<\/p>\n<p>&nbsp;<\/p>\n<p>&nbsp;<\/p>\n<p>&nbsp;<\/p>\n<p>&nbsp;<\/p>\n<p><a href=\"https:\/\/agora.xtec.cat\/ceip-falba\/wp-content\/uploads\/usu658\/2020\/06\/20200618_130200-2.jpg\"><img loading=\"lazy\" decoding=\"async\" class=\"wp-image-6908 aligncenter\" src=\"https:\/\/agora.xtec.cat\/ceip-falba\/wp-content\/uploads\/usu658\/2020\/06\/20200618_130200-2.jpg\" alt=\"\" width=\"280\" height=\"373\" srcset=\"https:\/\/agora.xtec.cat\/ceip-falba\/wp-content\/uploads\/usu658\/2020\/06\/20200618_130200-2.jpg 3456w, https:\/\/agora.xtec.cat\/ceip-falba\/wp-content\/uploads\/usu658\/2020\/06\/20200618_130200-2-225x300.jpg 225w, https:\/\/agora.xtec.cat\/ceip-falba\/wp-content\/uploads\/usu658\/2020\/06\/20200618_130200-2-768x1024.jpg 768w\" sizes=\"auto, (max-width: 280px) 100vw, 280px\" \/><\/a><\/p>\n<p>&nbsp;<\/p>\n<blockquote>\n<p style=\"text-align: center;\"><strong>&#8220;La m\u00fasica \u00e9s per l&#8217;\u00e0nima el que l&#8217;exercici f\u00edsic pel cos&#8221; <\/strong><\/p>\n<\/blockquote>\n<p style=\"text-align: center;\">Plat\u00f3<\/p>\n<p>&nbsp;<\/p>\n<p>&nbsp;<\/p>\n<p>&nbsp;<\/p>\n<p>&nbsp;<\/p>\n","protected":false},"excerpt":{"rendered":"<p>Despr\u00e9s d&#8217;unes setmanetes, us enviem la Playlist de l&#8217;escola Font de l&#8217;Alba. Moltes gr\u00e0cies a tots els que heu colaborat per poder tenir aquestes can\u00e7ons! &hellip;  <a href=\"https:\/\/agora.xtec.cat\/ceip-falba\/portada\/our-quotes\/\" title=\"Read Our quotes!\">Llegeix m\u00e9s\u00bb<\/a><\/p>\n","protected":false},"author":1,"featured_media":6902,"comment_status":"closed","ping_status":"closed","sticky":false,"template":"","format":"standard","meta":{"_bbp_topic_count":0,"_bbp_reply_count":0,"_bbp_total_topic_count":0,"_bbp_total_reply_count":0,"_bbp_voice_count":0,"_bbp_anonymous_reply_count":0,"_bbp_topic_count_hidden":0,"_bbp_reply_count_hidden":0,"_bbp_forum_subforum_count":0,"footnotes":""},"categories":[262,34,4],"tags":[],"class_list":["post-6901","post","type-post","status-publish","format-standard","has-post-thumbnail","hentry","category-curs-2019-20","category-musica","category-portada"],"post_mailing_queue_ids":[],"_links":{"self":[{"href":"https:\/\/agora.xtec.cat\/ceip-falba\/wp-json\/wp\/v2\/posts\/6901","targetHints":{"allow":["GET"]}}],"collection":[{"href":"https:\/\/agora.xtec.cat\/ceip-falba\/wp-json\/wp\/v2\/posts"}],"about":[{"href":"https:\/\/agora.xtec.cat\/ceip-falba\/wp-json\/wp\/v2\/types\/post"}],"author":[{"embeddable":true,"href":"https:\/\/agora.xtec.cat\/ceip-falba\/wp-json\/wp\/v2\/users\/1"}],"replies":[{"embeddable":true,"href":"https:\/\/agora.xtec.cat\/ceip-falba\/wp-json\/wp\/v2\/comments?post=6901"}],"version-history":[{"count":3,"href":"https:\/\/agora.xtec.cat\/ceip-falba\/wp-json\/wp\/v2\/posts\/6901\/revisions"}],"predecessor-version":[{"id":6926,"href":"https:\/\/agora.xtec.cat\/ceip-falba\/wp-json\/wp\/v2\/posts\/6901\/revisions\/6926"}],"wp:featuredmedia":[{"embeddable":true,"href":"https:\/\/agora.xtec.cat\/ceip-falba\/wp-json\/wp\/v2\/media\/6902"}],"wp:attachment":[{"href":"https:\/\/agora.xtec.cat\/ceip-falba\/wp-json\/wp\/v2\/media?parent=6901"}],"wp:term":[{"taxonomy":"category","embeddable":true,"href":"https:\/\/agora.xtec.cat\/ceip-falba\/wp-json\/wp\/v2\/categories?post=6901"},{"taxonomy":"post_tag","embeddable":true,"href":"https:\/\/agora.xtec.cat\/ceip-falba\/wp-json\/wp\/v2\/tags?post=6901"}],"curies":[{"name":"wp","href":"https:\/\/api.w.org\/{rel}","templated":true}]}}