{"id":6614,"date":"2020-04-23T16:20:13","date_gmt":"2020-04-23T14:20:13","guid":{"rendered":"http:\/\/agora.xtec.cat\/ceip-falba\/?p=6614"},"modified":"2020-04-23T16:25:47","modified_gmt":"2020-04-23T14:25:47","slug":"una-llegenda-diferent","status":"publish","type":"post","link":"https:\/\/agora.xtec.cat\/ceip-falba\/portada\/una-llegenda-diferent\/","title":{"rendered":"Una llegenda diferent!"},"content":{"rendered":"<p>Avui us deixem la llegenda de Sant Jordi, per\u00f2 no qualsevol llegenda&#8230; \u00e9s la llegenda de Sant Jordi ambientada a la nostra \u00e8poca, al Segle XXI!<\/p>\n<p style=\"text-align: left;\">Pots imaginar-te un Sant Jordi tan actual com virtual?<\/p>\n<p><iframe loading=\"lazy\" src=\"\/\/www.youtube.com\/embed\/RyQRi4D1viM?feature=youtu\" width=\"560\" height=\"314\"><\/iframe><\/p>\n<p>Aqu\u00ed teniu una producci\u00f3 audiovisual feta pel Biel O., alumne de 6\u00e8 que ens ho ha posat per poder imaginar aquesta llegenda tan actual i divertida! \u00c9s una feina que ha fet amb la seva familia durant aquests dies de confinament en la qual ha fet servir una t\u00e8cnica anomenada <strong>Stop-motion<\/strong>. Hi trobareu detalls molt acurats i ben fets. Escolteu b\u00e9 l&#8217;argument, mira els personatges i els elements pl\u00e0stics que hi surten, fixa&#8217;t en els efectes especials, gaudeix la banda sonora &#8230; no et deixaran igual!<\/p>\n<p>Ah, anomenem Stop-motion a una t\u00e8cnica d&#8217;animaci\u00f3 que consisteix en capturar fotografies consecutives d&#8217;un objecte movent-lo una mica entre fotografia i fotografia de manera que, visualitzant-les r\u00e0pidament, creiem que l&#8217;objecte es mou.<\/p>\n<p>El felicitem des d&#8217;aqu\u00ed, Biel i fam\u00edlia, per aquesta feina espectacular i creativa! Esperem que gaudiu molt!<\/p>\n<p><a href=\"https:\/\/agora.xtec.cat\/ceip-falba\/wp-content\/uploads\/usu658\/2020\/04\/final.png\"><img loading=\"lazy\" decoding=\"async\" class=\"alignright size-full wp-image-6615\" src=\"https:\/\/agora.xtec.cat\/ceip-falba\/wp-content\/uploads\/usu658\/2020\/04\/final.png\" alt=\"\" width=\"1278\" height=\"452\" srcset=\"https:\/\/agora.xtec.cat\/ceip-falba\/wp-content\/uploads\/usu658\/2020\/04\/final.png 1278w, https:\/\/agora.xtec.cat\/ceip-falba\/wp-content\/uploads\/usu658\/2020\/04\/final-300x106.png 300w, https:\/\/agora.xtec.cat\/ceip-falba\/wp-content\/uploads\/usu658\/2020\/04\/final-768x272.png 768w, https:\/\/agora.xtec.cat\/ceip-falba\/wp-content\/uploads\/usu658\/2020\/04\/final-1024x362.png 1024w\" sizes=\"auto, (max-width: 1278px) 100vw, 1278px\" \/><\/a><\/p>\n<p>&nbsp;<\/p>\n<p>&nbsp;<\/p>\n","protected":false},"excerpt":{"rendered":"<p>Avui us deixem la llegenda de Sant Jordi, per\u00f2 no qualsevol llegenda&#8230; \u00e9s la llegenda de Sant Jordi ambientada a la nostra \u00e8poca, al Segle XXI!&hellip;  <a href=\"https:\/\/agora.xtec.cat\/ceip-falba\/portada\/una-llegenda-diferent\/\" title=\"Read Una llegenda diferent!\">Llegeix m\u00e9s\u00bb<\/a><\/p>\n","protected":false},"author":1,"featured_media":6616,"comment_status":"closed","ping_status":"closed","sticky":false,"template":"","format":"standard","meta":{"_bbp_topic_count":0,"_bbp_reply_count":0,"_bbp_total_topic_count":0,"_bbp_total_reply_count":0,"_bbp_voice_count":0,"_bbp_anonymous_reply_count":0,"_bbp_topic_count_hidden":0,"_bbp_reply_count_hidden":0,"_bbp_forum_subforum_count":0,"footnotes":""},"categories":[15,262,4,5],"tags":[],"class_list":["post-6614","post","type-post","status-publish","format-standard","has-post-thumbnail","hentry","category-6e","category-curs-2019-20","category-portada","category-primaria"],"post_mailing_queue_ids":[],"_links":{"self":[{"href":"https:\/\/agora.xtec.cat\/ceip-falba\/wp-json\/wp\/v2\/posts\/6614","targetHints":{"allow":["GET"]}}],"collection":[{"href":"https:\/\/agora.xtec.cat\/ceip-falba\/wp-json\/wp\/v2\/posts"}],"about":[{"href":"https:\/\/agora.xtec.cat\/ceip-falba\/wp-json\/wp\/v2\/types\/post"}],"author":[{"embeddable":true,"href":"https:\/\/agora.xtec.cat\/ceip-falba\/wp-json\/wp\/v2\/users\/1"}],"replies":[{"embeddable":true,"href":"https:\/\/agora.xtec.cat\/ceip-falba\/wp-json\/wp\/v2\/comments?post=6614"}],"version-history":[{"count":2,"href":"https:\/\/agora.xtec.cat\/ceip-falba\/wp-json\/wp\/v2\/posts\/6614\/revisions"}],"predecessor-version":[{"id":6618,"href":"https:\/\/agora.xtec.cat\/ceip-falba\/wp-json\/wp\/v2\/posts\/6614\/revisions\/6618"}],"wp:featuredmedia":[{"embeddable":true,"href":"https:\/\/agora.xtec.cat\/ceip-falba\/wp-json\/wp\/v2\/media\/6616"}],"wp:attachment":[{"href":"https:\/\/agora.xtec.cat\/ceip-falba\/wp-json\/wp\/v2\/media?parent=6614"}],"wp:term":[{"taxonomy":"category","embeddable":true,"href":"https:\/\/agora.xtec.cat\/ceip-falba\/wp-json\/wp\/v2\/categories?post=6614"},{"taxonomy":"post_tag","embeddable":true,"href":"https:\/\/agora.xtec.cat\/ceip-falba\/wp-json\/wp\/v2\/tags?post=6614"}],"curies":[{"name":"wp","href":"https:\/\/api.w.org\/{rel}","templated":true}]}}