{"id":650,"date":"2016-03-30T12:41:55","date_gmt":"2016-03-30T11:41:55","guid":{"rendered":"http:\/\/agora.xtec.cat\/ceip-falba\/?p=650"},"modified":"2016-04-13T10:49:17","modified_gmt":"2016-04-13T09:49:17","slug":"musica-el-canon-i-el-teatre-musical","status":"publish","type":"post","link":"https:\/\/agora.xtec.cat\/ceip-falba\/portada\/musica-el-canon-i-el-teatre-musical\/","title":{"rendered":"M\u00daSICA: El Canon i el Teatre Musical"},"content":{"rendered":"<p class=\"western\">Hola a tots i totes!<\/p>\n<p class=\"western\">Us fem un petit tastet del que estem treballant a m\u00fasica. Per un costat us presentem el <u>c\u00e0non<\/u> fent servir una can\u00e7\u00f3 plena de sumes i m\u00e9s sumes.<\/p>\n<p class=\"western\"><a href=\"https:\/\/www.youtube.com\/watch?v=jN-nBY605SE\" target=\"_blank\">Canon: Tres i tres i tres fan nou<\/a><\/p>\n<p class=\"western\">\u00c9s una can\u00e7\u00f3 r\u00e0pida i en tonalitat menor, per lo qual aprofitem per parlar dels modes majors i menors.<\/p>\n<p class=\"western\">Per una altra banda, us ensenyem una can\u00e7\u00f3 humilment interpretada com a <span style=\"text-decoration: underline;\">teatre musical<\/span>. Parla dels micos i les bananes, la passi\u00f3 que aquests tenen i el que fan per poder gaudir d\u2019aquesta fruita tan bona. A m\u00e9s, per si voleu saber m\u00e9s, us podem dir que aquesta fruita \u00e9s rica en magnesi i potassi, entre d\u2019altres micronutrients. Tamb\u00e9 ens relaxa, afavoreix el nostre estat d\u2019\u00e0nim i, per si no fos suficient, ajuda a fer la digesti\u00f3.<\/p>\n<p class=\"western\">Aquesta can\u00e7\u00f3 es titula:<strong>\u00a0<\/strong><a href=\"https:\/\/www.youtube.com\/watch?v=cHxDziy_IoE\" target=\"_blank\">Les bananes<\/a><\/p>\n<p class=\"western\">Esperem que us agradi!!\u00a0<span style=\"font-family: inherit; font-size: 1em; line-height: 1.6;\">Si voleu, podeu deixar els vostres comentaris.<\/span><\/p>\n","protected":false},"excerpt":{"rendered":"<p>Us fem un petit tastet del que estem treballant a m\u00fasica: el c\u00e0non i el teatre musical.&hellip;  <a href=\"https:\/\/agora.xtec.cat\/ceip-falba\/portada\/musica-el-canon-i-el-teatre-musical\/\" title=\"Read M\u00daSICA: El Canon i el Teatre Musical\">Llegeix m\u00e9s\u00bb<\/a><\/p>\n","protected":false},"author":1,"featured_media":0,"comment_status":"open","ping_status":"open","sticky":false,"template":"","format":"standard","meta":{"_bbp_topic_count":0,"_bbp_reply_count":0,"_bbp_total_topic_count":0,"_bbp_total_reply_count":0,"_bbp_voice_count":0,"_bbp_anonymous_reply_count":0,"_bbp_topic_count_hidden":0,"_bbp_reply_count_hidden":0,"_bbp_forum_subforum_count":0,"footnotes":""},"categories":[12,29,34,4],"tags":[64],"class_list":["post-650","post","type-post","status-publish","format-standard","hentry","category-3r","category-curs-2015-16","category-musica","category-portada","tag-musica"],"post_mailing_queue_ids":[],"_links":{"self":[{"href":"https:\/\/agora.xtec.cat\/ceip-falba\/wp-json\/wp\/v2\/posts\/650","targetHints":{"allow":["GET"]}}],"collection":[{"href":"https:\/\/agora.xtec.cat\/ceip-falba\/wp-json\/wp\/v2\/posts"}],"about":[{"href":"https:\/\/agora.xtec.cat\/ceip-falba\/wp-json\/wp\/v2\/types\/post"}],"author":[{"embeddable":true,"href":"https:\/\/agora.xtec.cat\/ceip-falba\/wp-json\/wp\/v2\/users\/1"}],"replies":[{"embeddable":true,"href":"https:\/\/agora.xtec.cat\/ceip-falba\/wp-json\/wp\/v2\/comments?post=650"}],"version-history":[{"count":3,"href":"https:\/\/agora.xtec.cat\/ceip-falba\/wp-json\/wp\/v2\/posts\/650\/revisions"}],"predecessor-version":[{"id":777,"href":"https:\/\/agora.xtec.cat\/ceip-falba\/wp-json\/wp\/v2\/posts\/650\/revisions\/777"}],"wp:attachment":[{"href":"https:\/\/agora.xtec.cat\/ceip-falba\/wp-json\/wp\/v2\/media?parent=650"}],"wp:term":[{"taxonomy":"category","embeddable":true,"href":"https:\/\/agora.xtec.cat\/ceip-falba\/wp-json\/wp\/v2\/categories?post=650"},{"taxonomy":"post_tag","embeddable":true,"href":"https:\/\/agora.xtec.cat\/ceip-falba\/wp-json\/wp\/v2\/tags?post=650"}],"curies":[{"name":"wp","href":"https:\/\/api.w.org\/{rel}","templated":true}]}}