{"id":6451,"date":"2020-04-02T18:27:26","date_gmt":"2020-04-02T16:27:26","guid":{"rendered":"http:\/\/agora.xtec.cat\/ceip-falba\/?p=6451"},"modified":"2020-04-04T11:20:53","modified_gmt":"2020-04-04T09:20:53","slug":"compartim-amb-padlet","status":"publish","type":"post","link":"https:\/\/agora.xtec.cat\/ceip-falba\/infantil\/compartim-amb-padlet\/","title":{"rendered":"Compartim amb Padlet"},"content":{"rendered":"<p>Hola nens i nenes!!!<\/p>\n<p>Avui us presentem el <span style=\"color: #800080;\"><em><strong>Padlet,<\/strong><\/em><\/span> una plataforma digital que permet crear murals col\u00b7laboratius (tots junts). Ens ofereix la possiblitat de construir un espai compartit amb la resta de companys i companyes (i mestres tamb\u00e9!) on es poden penjar v\u00eddeos, \u00e0udios, fotos, documents, links a p\u00e0gines web, etc. I tot el que vulgueu compartir amb nosaltres (v\u00eddeos que heu fet d&#8217;algun ball, algun joc que us hagueu inventat, alguna recomanaci\u00f3 de lectura, alguna p\u00e0gina web amb informaci\u00f3 interessant sobre el tema que vulgueu&#8230;) s&#8217;anir\u00e0 penjant al mural com a notes adhesives, com si fossin &#8220;post-its&#8221;.<\/p>\n<p style=\"text-align: justify;\"><span class=\"notranslate\">Fem un bon intercanvi de coneixements i activitats entre companys i companyes i contribu\u00efm a rebre noves idees per a millorar aquests dies!!!<br \/>\n<\/span><\/p>\n<p><span style=\"color: #ff6600;\"><strong>PD: Per entrar necessiteu contrasenya. Al vostre drive (a la carpeta d&#8217;Educaci\u00f3 F\u00edsica) hi ha un document amb les indicacions sobre com penjar les vostres propostes i la contrasenya!!!<br \/>\n<\/strong><\/span><\/p>\n<p>Moltes gr\u00e0cies guapos i guapes!!!<\/p>\n<p>Us trobem molt a faltar!!!<\/p>\n<h3><a href=\"https:\/\/padlet.com\/mciuro4\/7ymaupjjivn8\"><em><span style=\"color: #800080;\"><strong>Padlet<\/strong><\/span><\/em><\/a><\/h3>\n<p><a href=\"https:\/\/padlet.com\/mciuro4\/7ymaupjjivn8\"><img loading=\"lazy\" decoding=\"async\" class=\"alignnone wp-image-6452\" src=\"https:\/\/agora.xtec.cat\/ceip-falba\/wp-content\/uploads\/usu658\/2020\/04\/Imatge-padlet-1024x427.png\" alt=\"\" width=\"223\" height=\"93\" srcset=\"https:\/\/agora.xtec.cat\/ceip-falba\/wp-content\/uploads\/usu658\/2020\/04\/Imatge-padlet-1024x427.png 1024w, https:\/\/agora.xtec.cat\/ceip-falba\/wp-content\/uploads\/usu658\/2020\/04\/Imatge-padlet-300x125.png 300w, https:\/\/agora.xtec.cat\/ceip-falba\/wp-content\/uploads\/usu658\/2020\/04\/Imatge-padlet-768x320.png 768w, https:\/\/agora.xtec.cat\/ceip-falba\/wp-content\/uploads\/usu658\/2020\/04\/Imatge-padlet.png 1366w\" sizes=\"auto, (max-width: 223px) 100vw, 223px\" \/><\/a><\/p>\n<p>&nbsp;<\/p>\n","protected":false},"excerpt":{"rendered":"<p>Hola nens i nenes!!!<br \/>\nAvui us presentem el Padlet, una plataforma digital que permet crear murals col\u00b7laboratius (tots junts). Ens ofereix la possiblitat de construir un espai compartit amb la resta de companys i companyes (i mestres tamb\u00e9!) on es poden penjar v\u00eddeos, \u00e0udios, fotos, documents,&hellip;  <a href=\"https:\/\/agora.xtec.cat\/ceip-falba\/infantil\/compartim-amb-padlet\/\" title=\"Read Compartim amb Padlet\">Llegeix m\u00e9s\u00bb<\/a><\/p>\n","protected":false},"author":1,"featured_media":6452,"comment_status":"closed","ping_status":"closed","sticky":false,"template":"","format":"standard","meta":{"_bbp_topic_count":0,"_bbp_reply_count":0,"_bbp_total_topic_count":0,"_bbp_total_reply_count":0,"_bbp_voice_count":0,"_bbp_anonymous_reply_count":0,"_bbp_topic_count_hidden":0,"_bbp_reply_count_hidden":0,"_bbp_forum_subforum_count":0,"footnotes":""},"categories":[262,33,2,4,5],"tags":[218,175,326,325],"class_list":["post-6451","post","type-post","status-publish","format-standard","has-post-thumbnail","hentry","category-curs-2019-20","category-ed-fisica","category-infantil","category-portada","category-primaria","tag-activitats","tag-educacio-fisica","tag-lectures","tag-videos"],"post_mailing_queue_ids":[],"_links":{"self":[{"href":"https:\/\/agora.xtec.cat\/ceip-falba\/wp-json\/wp\/v2\/posts\/6451","targetHints":{"allow":["GET"]}}],"collection":[{"href":"https:\/\/agora.xtec.cat\/ceip-falba\/wp-json\/wp\/v2\/posts"}],"about":[{"href":"https:\/\/agora.xtec.cat\/ceip-falba\/wp-json\/wp\/v2\/types\/post"}],"author":[{"embeddable":true,"href":"https:\/\/agora.xtec.cat\/ceip-falba\/wp-json\/wp\/v2\/users\/1"}],"replies":[{"embeddable":true,"href":"https:\/\/agora.xtec.cat\/ceip-falba\/wp-json\/wp\/v2\/comments?post=6451"}],"version-history":[{"count":3,"href":"https:\/\/agora.xtec.cat\/ceip-falba\/wp-json\/wp\/v2\/posts\/6451\/revisions"}],"predecessor-version":[{"id":6480,"href":"https:\/\/agora.xtec.cat\/ceip-falba\/wp-json\/wp\/v2\/posts\/6451\/revisions\/6480"}],"wp:featuredmedia":[{"embeddable":true,"href":"https:\/\/agora.xtec.cat\/ceip-falba\/wp-json\/wp\/v2\/media\/6452"}],"wp:attachment":[{"href":"https:\/\/agora.xtec.cat\/ceip-falba\/wp-json\/wp\/v2\/media?parent=6451"}],"wp:term":[{"taxonomy":"category","embeddable":true,"href":"https:\/\/agora.xtec.cat\/ceip-falba\/wp-json\/wp\/v2\/categories?post=6451"},{"taxonomy":"post_tag","embeddable":true,"href":"https:\/\/agora.xtec.cat\/ceip-falba\/wp-json\/wp\/v2\/tags?post=6451"}],"curies":[{"name":"wp","href":"https:\/\/api.w.org\/{rel}","templated":true}]}}