{"id":6405,"date":"2020-03-30T10:49:07","date_gmt":"2020-03-30T08:49:07","guid":{"rendered":"http:\/\/agora.xtec.cat\/ceip-falba\/?p=6405"},"modified":"2020-03-30T10:49:07","modified_gmt":"2020-03-30T08:49:07","slug":"noves-propostes-per-lalumnat-de-la-comunitat-de-grans","status":"publish","type":"post","link":"https:\/\/agora.xtec.cat\/ceip-falba\/portada\/noves-propostes-per-lalumnat-de-la-comunitat-de-grans\/","title":{"rendered":"Noves propostes per l&#8217;alumnat de la Comunitat de Grans"},"content":{"rendered":"<p>\u00c9s temps de coronavirus, \u00e9s temps d&#8217;estar a casa. Les i els mestres de la comunitat de grans us trobem a faltar i us volem acompanyar en aquesta nova situaci\u00f3. Per aquesta setmana, us hem preparat nous reptes i activitats per fer-vos pensar, divertir i activar ment i cos en aquests dies de confinament.<\/p>\n<p>I on trobem aquestes propostes? <span style=\"font-family: inherit; font-size: 1em;\">Totes elles estan penjades al Drive que compartim. Recordeu que heu d&#8217;entrar amb el vostre email @fontdelalba.es i la vostra contrasenya.\u00a0<\/span><\/p>\n<p>Atenci\u00f3!<\/p>\n<p><em>Alumnes de 4t i 5\u00e8A, 5\u00e8B i 5\u00e8C:<\/em> Heu d&#8217;entrar al vostre curs i a dins trobareu una carpeta amb el nom de &#8220;TEMPS DE CORONVIRUS&#8221;, all\u00e0 dins veureu un document per setmana amb les recomanacions. I una carpeta amb el vostre nom on podeu anar penjant tot all\u00f2 que feu. Cada un\/a de vosaltres t\u00e9 la seva carpeta personal!<\/p>\n<p><em>Alumnes de 6\u00e8:<\/em> Com ja funcion\u00e0vem a l&#8217;escola, dins de cada carpeta de cada assignatura trobareu sorpreses! Aix\u00ed que des d&#8217;aqu\u00ed us invitem a investigar i a descobrir-les!<\/p>\n<p>Tenim moltes ganes de saber de vosaltres! Tamb\u00e9 us podeu posar en contacte amb nosaltres a trav\u00e9s de l&#8217;email dels vostres tutors\/es.<\/p>\n<p>Una abra\u00e7ada virtual de part de tots i totes nosaltres, Us esperem al Drive!<\/p>\n<p><a href=\"https:\/\/agora.xtec.cat\/ceip-falba\/wp-content\/uploads\/usu658\/2020\/03\/PORTADA.jpg\"><img loading=\"lazy\" decoding=\"async\" class=\"size-large wp-image-6406 aligncenter\" src=\"https:\/\/agora.xtec.cat\/ceip-falba\/wp-content\/uploads\/usu658\/2020\/03\/PORTADA-724x1024.jpg\" alt=\"\" width=\"724\" height=\"1024\" srcset=\"https:\/\/agora.xtec.cat\/ceip-falba\/wp-content\/uploads\/usu658\/2020\/03\/PORTADA-724x1024.jpg 724w, https:\/\/agora.xtec.cat\/ceip-falba\/wp-content\/uploads\/usu658\/2020\/03\/PORTADA-212x300.jpg 212w, https:\/\/agora.xtec.cat\/ceip-falba\/wp-content\/uploads\/usu658\/2020\/03\/PORTADA-768x1086.jpg 768w, https:\/\/agora.xtec.cat\/ceip-falba\/wp-content\/uploads\/usu658\/2020\/03\/PORTADA.jpg 1587w\" sizes=\"auto, (max-width: 724px) 100vw, 724px\" \/><\/a><\/p>\n<p>&nbsp;<\/p>\n","protected":false},"excerpt":{"rendered":"<p>\u00c9s temps de coronavirus, \u00e9s temps d&#8217;estar a casa. Les i els mestres de la comunitat de grans us trobem a faltar i us volem acompanyar en aquesta nova situaci\u00f3. Per aquesta setmana, us hem preparat nous reptes i activitats per fer-vos pensar, divertir i&hellip;  <a href=\"https:\/\/agora.xtec.cat\/ceip-falba\/portada\/noves-propostes-per-lalumnat-de-la-comunitat-de-grans\/\" title=\"Read Noves propostes per l&#8217;alumnat de la Comunitat de Grans\">Llegeix m\u00e9s\u00bb<\/a><\/p>\n","protected":false},"author":48,"featured_media":6406,"comment_status":"closed","ping_status":"closed","sticky":false,"template":"","format":"standard","meta":{"_bbp_topic_count":0,"_bbp_reply_count":0,"_bbp_total_topic_count":0,"_bbp_total_reply_count":0,"_bbp_voice_count":0,"_bbp_anonymous_reply_count":0,"_bbp_topic_count_hidden":0,"_bbp_reply_count_hidden":0,"_bbp_forum_subforum_count":0,"footnotes":""},"categories":[14,15,262,4,5],"tags":[259,322],"class_list":["post-6405","post","type-post","status-publish","format-standard","has-post-thumbnail","hentry","category-5e","category-6e","category-curs-2019-20","category-portada","category-primaria","tag-comunitatdegrans","tag-tempsdecoronavirus"],"post_mailing_queue_ids":[],"_links":{"self":[{"href":"https:\/\/agora.xtec.cat\/ceip-falba\/wp-json\/wp\/v2\/posts\/6405","targetHints":{"allow":["GET"]}}],"collection":[{"href":"https:\/\/agora.xtec.cat\/ceip-falba\/wp-json\/wp\/v2\/posts"}],"about":[{"href":"https:\/\/agora.xtec.cat\/ceip-falba\/wp-json\/wp\/v2\/types\/post"}],"author":[{"embeddable":true,"href":"https:\/\/agora.xtec.cat\/ceip-falba\/wp-json\/wp\/v2\/users\/48"}],"replies":[{"embeddable":true,"href":"https:\/\/agora.xtec.cat\/ceip-falba\/wp-json\/wp\/v2\/comments?post=6405"}],"version-history":[{"count":1,"href":"https:\/\/agora.xtec.cat\/ceip-falba\/wp-json\/wp\/v2\/posts\/6405\/revisions"}],"predecessor-version":[{"id":6407,"href":"https:\/\/agora.xtec.cat\/ceip-falba\/wp-json\/wp\/v2\/posts\/6405\/revisions\/6407"}],"wp:featuredmedia":[{"embeddable":true,"href":"https:\/\/agora.xtec.cat\/ceip-falba\/wp-json\/wp\/v2\/media\/6406"}],"wp:attachment":[{"href":"https:\/\/agora.xtec.cat\/ceip-falba\/wp-json\/wp\/v2\/media?parent=6405"}],"wp:term":[{"taxonomy":"category","embeddable":true,"href":"https:\/\/agora.xtec.cat\/ceip-falba\/wp-json\/wp\/v2\/categories?post=6405"},{"taxonomy":"post_tag","embeddable":true,"href":"https:\/\/agora.xtec.cat\/ceip-falba\/wp-json\/wp\/v2\/tags?post=6405"}],"curies":[{"name":"wp","href":"https:\/\/api.w.org\/{rel}","templated":true}]}}