{"id":6373,"date":"2020-03-23T14:14:20","date_gmt":"2020-03-23T13:14:20","guid":{"rendered":"http:\/\/agora.xtec.cat\/ceip-falba\/?p=6373"},"modified":"2020-03-23T14:31:44","modified_gmt":"2020-03-23T13:31:44","slug":"activat-a-casa","status":"publish","type":"post","link":"https:\/\/agora.xtec.cat\/ceip-falba\/portada\/activat-a-casa\/","title":{"rendered":"ACTIVA&#8217;T A CASA!!!"},"content":{"rendered":"<p>Segons l\u2019<b>Organitzaci\u00f3 Mundial de la salut (OMS)<\/b>, es recomana realitzar 60 minuts o m\u00e9s d\u2019activitat f\u00edsica di\u00e0ria. \u00c9s per aix\u00f2 que des de l\u2019\u00e0rea d\u2019Educaci\u00f3 F\u00edsica us volem enviar unes recomanacions per als vostres fill\/es ja que no poden anar a extraescolars, a les places a jugar ni amb els amics. Us presento un seguit d\u2019activitats que es poden fer a casa, activitats que podeu fer amb poc material i que, si us animeu, a vosaltres tamb\u00e9 us anir\u00e0 b\u00e9 per moure-us una mica!!! \u00c0nims doncs!!!<\/p>\n<p><a href=\"https:\/\/docs.google.com\/document\/d\/1xAPFR-JiG-Kh7RYVBJPHlTp7KZ_xx9jZ5v5oyAPki-k\/edit?usp=sharing\"><strong>ACTIVA&#8217;T A CASA<\/strong><\/a><\/p>\n<p>&nbsp;<\/p>\n","protected":false},"excerpt":{"rendered":"<p>Segons l\u2019Organitzaci\u00f3 Mundial de la salut (OMS), es recomana realitzar 60 minuts o m\u00e9s d\u2019activitat f\u00edsica di\u00e0ria. \u00c9s per aix\u00f2 que des de l\u2019\u00e0rea d\u2019Educaci\u00f3 F\u00edsica us volem enviar unes recomanacions per als vostres fill\/es ja que no poden anar a extraescolars, a les places&hellip;  <a href=\"https:\/\/agora.xtec.cat\/ceip-falba\/portada\/activat-a-casa\/\" title=\"Read ACTIVA&#8217;T A CASA!!!\">Llegeix m\u00e9s\u00bb<\/a><\/p>\n","protected":false},"author":1,"featured_media":6374,"comment_status":"closed","ping_status":"closed","sticky":false,"template":"","format":"standard","meta":{"_bbp_topic_count":0,"_bbp_reply_count":0,"_bbp_total_topic_count":0,"_bbp_total_reply_count":0,"_bbp_voice_count":0,"_bbp_anonymous_reply_count":0,"_bbp_topic_count_hidden":0,"_bbp_reply_count_hidden":0,"_bbp_forum_subforum_count":0,"footnotes":""},"categories":[262,33,4,5],"tags":[218,175,321,320,219,217,53],"class_list":["post-6373","post","type-post","status-publish","format-standard","has-post-thumbnail","hentry","category-curs-2019-20","category-ed-fisica","category-portada","category-primaria","tag-activitats","tag-educacio-fisica","tag-emmoc","tag-emquedoacasa","tag-esport","tag-exercici","tag-familia"],"post_mailing_queue_ids":[],"_links":{"self":[{"href":"https:\/\/agora.xtec.cat\/ceip-falba\/wp-json\/wp\/v2\/posts\/6373","targetHints":{"allow":["GET"]}}],"collection":[{"href":"https:\/\/agora.xtec.cat\/ceip-falba\/wp-json\/wp\/v2\/posts"}],"about":[{"href":"https:\/\/agora.xtec.cat\/ceip-falba\/wp-json\/wp\/v2\/types\/post"}],"author":[{"embeddable":true,"href":"https:\/\/agora.xtec.cat\/ceip-falba\/wp-json\/wp\/v2\/users\/1"}],"replies":[{"embeddable":true,"href":"https:\/\/agora.xtec.cat\/ceip-falba\/wp-json\/wp\/v2\/comments?post=6373"}],"version-history":[{"count":1,"href":"https:\/\/agora.xtec.cat\/ceip-falba\/wp-json\/wp\/v2\/posts\/6373\/revisions"}],"predecessor-version":[{"id":6375,"href":"https:\/\/agora.xtec.cat\/ceip-falba\/wp-json\/wp\/v2\/posts\/6373\/revisions\/6375"}],"wp:featuredmedia":[{"embeddable":true,"href":"https:\/\/agora.xtec.cat\/ceip-falba\/wp-json\/wp\/v2\/media\/6374"}],"wp:attachment":[{"href":"https:\/\/agora.xtec.cat\/ceip-falba\/wp-json\/wp\/v2\/media?parent=6373"}],"wp:term":[{"taxonomy":"category","embeddable":true,"href":"https:\/\/agora.xtec.cat\/ceip-falba\/wp-json\/wp\/v2\/categories?post=6373"},{"taxonomy":"post_tag","embeddable":true,"href":"https:\/\/agora.xtec.cat\/ceip-falba\/wp-json\/wp\/v2\/tags?post=6373"}],"curies":[{"name":"wp","href":"https:\/\/api.w.org\/{rel}","templated":true}]}}