{"id":6366,"date":"2020-03-23T13:52:07","date_gmt":"2020-03-23T12:52:07","guid":{"rendered":"http:\/\/agora.xtec.cat\/ceip-falba\/?p=6366"},"modified":"2020-03-31T12:25:44","modified_gmt":"2020-03-31T10:25:44","slug":"el-joc-de-loca-a-educacio-fisica","status":"publish","type":"post","link":"https:\/\/agora.xtec.cat\/ceip-falba\/portada\/el-joc-de-loca-a-educacio-fisica\/","title":{"rendered":"JUGUEM A CASA!!!"},"content":{"rendered":"<p>Us deixo un joc amb activitas f\u00edsiques\/exercicis per poder fer a casa tots i totes amb la fam\u00edlia o els germans!!!<\/p>\n<p>Hi ha molts exercicis que hem treballat a classe (a l&#8217;escalfament, a la part principal, en els relleus, etc) i d&#8217;altres que no hem pogut fer-los amb segons quin grup perqu\u00e8 encara som petits, per\u00f2 no passa res!!! els que no sapiguem fer, els podem canviar per 10 salts a peu coix, 10 salts de granota, 10 voltes de gegant amb els bra\u00e7os oberts&#8230; o el que m\u00e9s us agradi!!!!<\/p>\n<p>Endavant amb l&#8217;exercici, la creativitat i amb la mem\u00f2ria que teniu de les classes d&#8217;Educcai\u00f3 F\u00edsica!!!<\/p>\n<p>Molts petons guapos i guapes!!!!<\/p>\n<p><a href=\"https:\/\/agora.xtec.cat\/ceip-falba\/wp-content\/uploads\/usu658\/2020\/03\/image02.jpeg\">joc.pdf<\/a><\/p>\n<p><a href=\"https:\/\/agora.xtec.cat\/ceip-falba\/wp-content\/uploads\/usu658\/2020\/03\/image02.jpeg\"><img loading=\"lazy\" decoding=\"async\" class=\"alignnone size-full wp-image-6371\" src=\"https:\/\/agora.xtec.cat\/ceip-falba\/wp-content\/uploads\/usu658\/2020\/03\/image02.jpeg\" alt=\"\" width=\"750\" height=\"524\" srcset=\"https:\/\/agora.xtec.cat\/ceip-falba\/wp-content\/uploads\/usu658\/2020\/03\/image02.jpeg 750w, https:\/\/agora.xtec.cat\/ceip-falba\/wp-content\/uploads\/usu658\/2020\/03\/image02-300x210.jpeg 300w\" sizes=\"auto, (max-width: 750px) 100vw, 750px\" \/><\/a><\/p>\n<p>&nbsp;<\/p>\n","protected":false},"excerpt":{"rendered":"<p>Us deixo un joc amb activitas f\u00edsiques\/exercicis per poder fer a casa tots i totes amb la fam\u00edlia o els germans!!!<br \/>\nHi ha molts exercicis que hem treballat a classe (a l&#8217;escalfament, a la part principal, en els relleus, etc) i d&#8217;altres que no hem pogut&hellip;  <a href=\"https:\/\/agora.xtec.cat\/ceip-falba\/portada\/el-joc-de-loca-a-educacio-fisica\/\" title=\"Read JUGUEM A CASA!!!\">Llegeix m\u00e9s\u00bb<\/a><\/p>\n","protected":false},"author":1,"featured_media":6371,"comment_status":"closed","ping_status":"closed","sticky":false,"template":"","format":"standard","meta":{"_bbp_topic_count":0,"_bbp_reply_count":0,"_bbp_total_topic_count":0,"_bbp_total_reply_count":0,"_bbp_voice_count":0,"_bbp_anonymous_reply_count":0,"_bbp_topic_count_hidden":0,"_bbp_reply_count_hidden":0,"_bbp_forum_subforum_count":0,"footnotes":""},"categories":[262,33,4,5],"tags":[218,175,320,219,217,319],"class_list":["post-6366","post","type-post","status-publish","format-standard","has-post-thumbnail","hentry","category-curs-2019-20","category-ed-fisica","category-portada","category-primaria","tag-activitats","tag-educacio-fisica","tag-emquedoacasa","tag-esport","tag-exercici","tag-movemelcos"],"post_mailing_queue_ids":[],"_links":{"self":[{"href":"https:\/\/agora.xtec.cat\/ceip-falba\/wp-json\/wp\/v2\/posts\/6366","targetHints":{"allow":["GET"]}}],"collection":[{"href":"https:\/\/agora.xtec.cat\/ceip-falba\/wp-json\/wp\/v2\/posts"}],"about":[{"href":"https:\/\/agora.xtec.cat\/ceip-falba\/wp-json\/wp\/v2\/types\/post"}],"author":[{"embeddable":true,"href":"https:\/\/agora.xtec.cat\/ceip-falba\/wp-json\/wp\/v2\/users\/1"}],"replies":[{"embeddable":true,"href":"https:\/\/agora.xtec.cat\/ceip-falba\/wp-json\/wp\/v2\/comments?post=6366"}],"version-history":[{"count":3,"href":"https:\/\/agora.xtec.cat\/ceip-falba\/wp-json\/wp\/v2\/posts\/6366\/revisions"}],"predecessor-version":[{"id":6433,"href":"https:\/\/agora.xtec.cat\/ceip-falba\/wp-json\/wp\/v2\/posts\/6366\/revisions\/6433"}],"wp:featuredmedia":[{"embeddable":true,"href":"https:\/\/agora.xtec.cat\/ceip-falba\/wp-json\/wp\/v2\/media\/6371"}],"wp:attachment":[{"href":"https:\/\/agora.xtec.cat\/ceip-falba\/wp-json\/wp\/v2\/media?parent=6366"}],"wp:term":[{"taxonomy":"category","embeddable":true,"href":"https:\/\/agora.xtec.cat\/ceip-falba\/wp-json\/wp\/v2\/categories?post=6366"},{"taxonomy":"post_tag","embeddable":true,"href":"https:\/\/agora.xtec.cat\/ceip-falba\/wp-json\/wp\/v2\/tags?post=6366"}],"curies":[{"name":"wp","href":"https:\/\/api.w.org\/{rel}","templated":true}]}}