{"id":6202,"date":"2020-02-18T16:23:22","date_gmt":"2020-02-18T15:23:22","guid":{"rendered":"http:\/\/agora.xtec.cat\/ceip-falba\/?p=6202"},"modified":"2023-02-26T18:05:37","modified_gmt":"2023-02-26T17:05:37","slug":"ens-hem-comunicat-amb-les-primeres-ong","status":"publish","type":"post","link":"https:\/\/agora.xtec.cat\/ceip-falba\/portada\/ens-hem-comunicat-amb-les-primeres-ong\/","title":{"rendered":"ENS HEM COMUNICAT AMB LES PRIMERES ONGs"},"content":{"rendered":"<h3 class=\"post-title entry-title\"><\/h3>\n<div id=\"post-body-8716112677599667252\" class=\"post-body entry-content\">Ahir vam contactar amb una fundaci\u00f3 solid\u00e0ria que es diu FERO. \u00c9s una fundaci\u00f3 que intenta salvar a la gent que t\u00e9 cancer investigant amb els diners que recauden de les donacions de la gent. Aquesta fundaci\u00f3 tamb\u00e9 ven samarretes i d&#8217;altres coses per aconseguir tenir m\u00e9s diners per investigar.<\/div>\n<div class=\"post-body entry-content\">El president de la cooperativa i la secret\u00e0ria han trucat per a que vinguin a explicar-nos com treballen i qu\u00e8 aconsegueixen fer.<\/div>\n<div class=\"post-body entry-content\">Si voleu m\u00e9s informaci\u00f3 d&#8217;aquesta fundaci\u00f3 podeu visitar\u00a0<a href=\"http:\/\/fero.org\/?lang=ca\">http:\/\/fero.org\/?lang=ca<\/a><\/div>\n<div class=\"post-body entry-content\">\n<div><\/div>\n<div class=\"separator\"><a href=\"https:\/\/1.bp.blogspot.com\/--2MCOioXgCc\/XkvS_gC3UiI\/AAAAAAAAAE4\/64FiT5sYmH0iZNRXynlF6D4DPIFGHl0IgCLcBGAsYHQ\/s1600\/IMG_5968.JPG\"><img loading=\"lazy\" decoding=\"async\" class=\"aligncenter\" src=\"https:\/\/1.bp.blogspot.com\/--2MCOioXgCc\/XkvS_gC3UiI\/AAAAAAAAAE4\/64FiT5sYmH0iZNRXynlF6D4DPIFGHl0IgCLcBGAsYHQ\/s320\/IMG_5968.JPG\" width=\"320\" height=\"240\" border=\"0\" data-original-height=\"480\" data-original-width=\"640\" \/><\/a><\/div>\n<div style=\"text-align: center;\">El departament de comunicaci\u00f3 enviant un mail a les fundacions<\/div>\n<div style=\"text-align: center;\"><\/div>\n<div style=\"text-align: center;\"><\/div>\n<p>&nbsp;<\/p>\n<p>I avui hem contactat amb una altra fundaci\u00f3 que es diu Villa Vecchia, que es troba a l&#8217;hospital de Santa Creu i Sant Pau. Aquesta fundaci\u00f3 regala unes Barbies als nens i nenes que tenen c\u00e0ncer per a que no es sentin malament i a les seves families els hi donen ajuda psicologica entre d&#8217;altres coses. Si en voleu m\u00e9s informaci\u00f3 podeu visitar la seg\u00fcent web <a href=\"https:\/\/www.fevillavecchia.es\/es\">https:\/\/www.fevillavecchia.es\/es<\/a><\/p>\n<div class=\"separator\"><a href=\"https:\/\/1.bp.blogspot.com\/-dr04ts_ug0I\/XkvR10CdMJI\/AAAAAAAAAEw\/-9B6J2W_Jw4fNUvi86KSL8NC2AiF2ub7wCLcBGAsYHQ\/s1600\/barbie-calva_xoptimizadax--644x362.jpg\"><img loading=\"lazy\" decoding=\"async\" class=\"aligncenter\" src=\"https:\/\/1.bp.blogspot.com\/-dr04ts_ug0I\/XkvR10CdMJI\/AAAAAAAAAEw\/-9B6J2W_Jw4fNUvi86KSL8NC2AiF2ub7wCLcBGAsYHQ\/s320\/barbie-calva_xoptimizadax--644x362.jpg\" width=\"320\" height=\"179\" border=\"0\" data-original-height=\"362\" data-original-width=\"644\" \/><\/a><\/div>\n<div style=\"text-align: center;\"><a href=\"https:\/\/www.abc.es\/sociedad\/20140805\/abci-barbie-calva-cancer-201408051412.html?ref=https%3A%2F%2Fwww.google.com%2F\">Barbie per als nens i nenes d&#8217;oncologia<\/a><\/div>\n<p>&nbsp;<\/p>\n<p>&nbsp;<\/p>\n<p>Anas, XinYu i \u00c1lex<br \/>\nDepartament de comunicaci\u00f3 de La M\u00e0gia dels Cooperatius<\/p>\n<\/div>\n","protected":false},"excerpt":{"rendered":"<p>Ahir vam contactar amb una fundaci\u00f3 solid\u00e0ria que es diu FERO. \u00c9s una fundaci\u00f3 que intenta salvar a la gent que t\u00e9 cancer investigant amb els diners que recauden de les donacions de la gent. Aquesta fundaci\u00f3 tamb\u00e9 ven samarretes i d&#8217;altres coses per aconseguir&hellip;  <a href=\"https:\/\/agora.xtec.cat\/ceip-falba\/portada\/ens-hem-comunicat-amb-les-primeres-ong\/\" title=\"Read ENS HEM COMUNICAT AMB LES PRIMERES ONGs\">Llegeix m\u00e9s\u00bb<\/a><\/p>\n","protected":false},"author":1,"featured_media":6203,"comment_status":"closed","ping_status":"closed","sticky":false,"template":"","format":"standard","meta":{"_bbp_topic_count":0,"_bbp_reply_count":0,"_bbp_total_topic_count":0,"_bbp_total_reply_count":0,"_bbp_voice_count":0,"_bbp_anonymous_reply_count":0,"_bbp_topic_count_hidden":0,"_bbp_reply_count_hidden":0,"_bbp_forum_subforum_count":0,"footnotes":""},"categories":[14,445,458,262,4,25],"tags":[],"class_list":["post-6202","post","type-post","status-publish","format-standard","has-post-thumbnail","hentry","category-5e","category-comunitat-gran","category-cooperativa","category-curs-2019-20","category-portada","category-projectesescola"],"post_mailing_queue_ids":[],"_links":{"self":[{"href":"https:\/\/agora.xtec.cat\/ceip-falba\/wp-json\/wp\/v2\/posts\/6202","targetHints":{"allow":["GET"]}}],"collection":[{"href":"https:\/\/agora.xtec.cat\/ceip-falba\/wp-json\/wp\/v2\/posts"}],"about":[{"href":"https:\/\/agora.xtec.cat\/ceip-falba\/wp-json\/wp\/v2\/types\/post"}],"author":[{"embeddable":true,"href":"https:\/\/agora.xtec.cat\/ceip-falba\/wp-json\/wp\/v2\/users\/1"}],"replies":[{"embeddable":true,"href":"https:\/\/agora.xtec.cat\/ceip-falba\/wp-json\/wp\/v2\/comments?post=6202"}],"version-history":[{"count":3,"href":"https:\/\/agora.xtec.cat\/ceip-falba\/wp-json\/wp\/v2\/posts\/6202\/revisions"}],"predecessor-version":[{"id":11125,"href":"https:\/\/agora.xtec.cat\/ceip-falba\/wp-json\/wp\/v2\/posts\/6202\/revisions\/11125"}],"wp:featuredmedia":[{"embeddable":true,"href":"https:\/\/agora.xtec.cat\/ceip-falba\/wp-json\/wp\/v2\/media\/6203"}],"wp:attachment":[{"href":"https:\/\/agora.xtec.cat\/ceip-falba\/wp-json\/wp\/v2\/media?parent=6202"}],"wp:term":[{"taxonomy":"category","embeddable":true,"href":"https:\/\/agora.xtec.cat\/ceip-falba\/wp-json\/wp\/v2\/categories?post=6202"},{"taxonomy":"post_tag","embeddable":true,"href":"https:\/\/agora.xtec.cat\/ceip-falba\/wp-json\/wp\/v2\/tags?post=6202"}],"curies":[{"name":"wp","href":"https:\/\/api.w.org\/{rel}","templated":true}]}}