{"id":6018,"date":"2020-01-19T14:19:08","date_gmt":"2020-01-19T13:19:08","guid":{"rendered":"http:\/\/agora.xtec.cat\/ceip-falba\/?p=6018"},"modified":"2020-01-19T14:19:08","modified_gmt":"2020-01-19T13:19:08","slug":"les-nostres-faves-van-creixent","status":"publish","type":"post","link":"https:\/\/agora.xtec.cat\/ceip-falba\/portada\/les-nostres-faves-van-creixent\/","title":{"rendered":"Les nostres faves van creixent!"},"content":{"rendered":"<p>Les nostres faves van creixent!<br \/>\nDivendres passat vam anar a visitar l\u2019hort i les nostres faves havien crescut molt.<br \/>\nPer cuidar-les b\u00e9, primer de tot vam treure les fulles i males herbes que tenien al voltant.<br \/>\nM\u00e9s tard, les vam regar perqu\u00e8 poguessin alimentar-se i cr\u00e9ixer encara m\u00e9s.<br \/>\nJa tenim moltes ganes de que creixin i ens donin els seus fruits.<\/p>\n<p>La classe de 2n B (Els peixos)<\/p>\n<p><a href=\"https:\/\/agora.xtec.cat\/ceip-falba\/wp-content\/uploads\/usu658\/2020\/01\/1.jpg\"><img loading=\"lazy\" decoding=\"async\" class=\"alignnone size-large wp-image-6019\" src=\"https:\/\/agora.xtec.cat\/ceip-falba\/wp-content\/uploads\/usu658\/2020\/01\/1-1024x768.jpg\" alt=\"\" width=\"1024\" height=\"768\" srcset=\"https:\/\/agora.xtec.cat\/ceip-falba\/wp-content\/uploads\/usu658\/2020\/01\/1-1024x768.jpg 1024w, https:\/\/agora.xtec.cat\/ceip-falba\/wp-content\/uploads\/usu658\/2020\/01\/1-300x225.jpg 300w, https:\/\/agora.xtec.cat\/ceip-falba\/wp-content\/uploads\/usu658\/2020\/01\/1-768x576.jpg 768w, https:\/\/agora.xtec.cat\/ceip-falba\/wp-content\/uploads\/usu658\/2020\/01\/1-200x150.jpg 200w, https:\/\/agora.xtec.cat\/ceip-falba\/wp-content\/uploads\/usu658\/2020\/01\/1.jpg 1984w\" sizes=\"auto, (max-width: 1024px) 100vw, 1024px\" \/><\/a> <a href=\"https:\/\/agora.xtec.cat\/ceip-falba\/wp-content\/uploads\/usu658\/2020\/01\/2.jpg\"><img loading=\"lazy\" decoding=\"async\" class=\"alignnone size-large wp-image-6020\" src=\"https:\/\/agora.xtec.cat\/ceip-falba\/wp-content\/uploads\/usu658\/2020\/01\/2-1024x768.jpg\" alt=\"\" width=\"1024\" height=\"768\" srcset=\"https:\/\/agora.xtec.cat\/ceip-falba\/wp-content\/uploads\/usu658\/2020\/01\/2-1024x768.jpg 1024w, https:\/\/agora.xtec.cat\/ceip-falba\/wp-content\/uploads\/usu658\/2020\/01\/2-300x225.jpg 300w, https:\/\/agora.xtec.cat\/ceip-falba\/wp-content\/uploads\/usu658\/2020\/01\/2-768x576.jpg 768w, https:\/\/agora.xtec.cat\/ceip-falba\/wp-content\/uploads\/usu658\/2020\/01\/2-200x150.jpg 200w, https:\/\/agora.xtec.cat\/ceip-falba\/wp-content\/uploads\/usu658\/2020\/01\/2.jpg 1984w\" sizes=\"auto, (max-width: 1024px) 100vw, 1024px\" \/><\/a><\/p>\n<p><a href=\"https:\/\/drive.google.com\/drive\/folders\/1KVE20n25PKowBT4Dt2wwJG8y83gmyg_x?usp=sharing\">Cliqueu aqu\u00ed per veure totes les fotos.<\/a><\/p>\n","protected":false},"excerpt":{"rendered":"<p>Les nostres faves van creixent!<br \/>\nDivendres passat vam anar a visitar l\u2019hort i les nostres faves havien crescut molt.<br \/>\nPer cuidar-les b\u00e9, primer de tot vam treure les fulles i males herbes que tenien al voltant.<br \/>\nM\u00e9s tard, les vam regar perqu\u00e8 poguessin alimentar-se i cr\u00e9ixer encara m\u00e9s.<br \/>\nJa&hellip;  <a href=\"https:\/\/agora.xtec.cat\/ceip-falba\/portada\/les-nostres-faves-van-creixent\/\" title=\"Read Les nostres faves van creixent!\">Llegeix m\u00e9s\u00bb<\/a><\/p>\n","protected":false},"author":24,"featured_media":6020,"comment_status":"closed","ping_status":"closed","sticky":false,"template":"","format":"standard","meta":{"_bbp_topic_count":0,"_bbp_reply_count":0,"_bbp_total_topic_count":0,"_bbp_total_reply_count":0,"_bbp_voice_count":0,"_bbp_anonymous_reply_count":0,"_bbp_topic_count_hidden":0,"_bbp_reply_count_hidden":0,"_bbp_forum_subforum_count":0,"footnotes":""},"categories":[11,262,4],"tags":[270,263,150,214,247],"class_list":["post-6018","post","type-post","status-publish","format-standard","has-post-thumbnail","hentry","category-2n","category-curs-2019-20","category-portada","tag-comunitatdemitjans","tag-curs-2019-2020","tag-escola-font-de-lalba","tag-hort","tag-segon"],"post_mailing_queue_ids":[],"_links":{"self":[{"href":"https:\/\/agora.xtec.cat\/ceip-falba\/wp-json\/wp\/v2\/posts\/6018","targetHints":{"allow":["GET"]}}],"collection":[{"href":"https:\/\/agora.xtec.cat\/ceip-falba\/wp-json\/wp\/v2\/posts"}],"about":[{"href":"https:\/\/agora.xtec.cat\/ceip-falba\/wp-json\/wp\/v2\/types\/post"}],"author":[{"embeddable":true,"href":"https:\/\/agora.xtec.cat\/ceip-falba\/wp-json\/wp\/v2\/users\/24"}],"replies":[{"embeddable":true,"href":"https:\/\/agora.xtec.cat\/ceip-falba\/wp-json\/wp\/v2\/comments?post=6018"}],"version-history":[{"count":1,"href":"https:\/\/agora.xtec.cat\/ceip-falba\/wp-json\/wp\/v2\/posts\/6018\/revisions"}],"predecessor-version":[{"id":6021,"href":"https:\/\/agora.xtec.cat\/ceip-falba\/wp-json\/wp\/v2\/posts\/6018\/revisions\/6021"}],"wp:featuredmedia":[{"embeddable":true,"href":"https:\/\/agora.xtec.cat\/ceip-falba\/wp-json\/wp\/v2\/media\/6020"}],"wp:attachment":[{"href":"https:\/\/agora.xtec.cat\/ceip-falba\/wp-json\/wp\/v2\/media?parent=6018"}],"wp:term":[{"taxonomy":"category","embeddable":true,"href":"https:\/\/agora.xtec.cat\/ceip-falba\/wp-json\/wp\/v2\/categories?post=6018"},{"taxonomy":"post_tag","embeddable":true,"href":"https:\/\/agora.xtec.cat\/ceip-falba\/wp-json\/wp\/v2\/tags?post=6018"}],"curies":[{"name":"wp","href":"https:\/\/api.w.org\/{rel}","templated":true}]}}