{"id":6012,"date":"2020-01-17T12:17:14","date_gmt":"2020-01-17T11:17:14","guid":{"rendered":"http:\/\/agora.xtec.cat\/ceip-falba\/?p=6012"},"modified":"2020-01-17T12:17:14","modified_gmt":"2020-01-17T11:17:14","slug":"el-programa-2-de-font-tv-ja-esta-aqui","status":"publish","type":"post","link":"https:\/\/agora.xtec.cat\/ceip-falba\/portada\/el-programa-2-de-font-tv-ja-esta-aqui\/","title":{"rendered":"EL PROGRAMA 2 DE FONT TV JA EST\u00c0 AQU\u00cd!"},"content":{"rendered":"<p>Ja tenim aqu\u00ed el programa 2 de Font TV. Com sempre, \u00e9s molt divertit i entretingut. Si vols saber m\u00e9s sobre esports, pintors i con\u00e8ixer altres pa\u00efsos com Romania no et pots perdre el seg\u00fcent programa. Endinsa&#8217;t amb nosaltres a saber m\u00e9s del programa i emocionar-te!<\/p>\n<p>&nbsp;<\/p>\n<p><iframe loading=\"lazy\" src=\"\/\/www.youtube.com\/embed\/wtn7KVCifB8\" width=\"560\" height=\"314\" allowfullscreen=\"allowfullscreen\"><\/iframe><\/p>\n<p>&nbsp;<\/p>\n<p>&nbsp;<\/p>\n<p>&nbsp;<\/p>\n","protected":false},"excerpt":{"rendered":"<p>Ja tenim aqu\u00ed el programa 2 de Font TV. Com sempre, \u00e9s molt divertit i entretingut!&hellip;  <a href=\"https:\/\/agora.xtec.cat\/ceip-falba\/portada\/el-programa-2-de-font-tv-ja-esta-aqui\/\" title=\"Read EL PROGRAMA 2 DE FONT TV JA EST\u00c0 AQU\u00cd!\">Llegeix m\u00e9s\u00bb<\/a><\/p>\n","protected":false},"author":1,"featured_media":6015,"comment_status":"closed","ping_status":"closed","sticky":false,"template":"","format":"standard","meta":{"_bbp_topic_count":0,"_bbp_reply_count":0,"_bbp_total_topic_count":0,"_bbp_total_reply_count":0,"_bbp_voice_count":0,"_bbp_anonymous_reply_count":0,"_bbp_topic_count_hidden":0,"_bbp_reply_count_hidden":0,"_bbp_forum_subforum_count":0,"footnotes":""},"categories":[15,262,26,4],"tags":[286,19,266,283,223,282,287,284,285],"class_list":["post-6012","post","type-post","status-publish","format-standard","has-post-thumbnail","hentry","category-6e","category-curs-2019-20","category-fonttv","category-portada","tag-actualitat","tag-audiovisuals","tag-carme-valverde","tag-comunitat-de-grans","tag-esports","tag-font-tv","tag-masia-freixa","tag-programa-2","tag-romania"],"post_mailing_queue_ids":[],"_links":{"self":[{"href":"https:\/\/agora.xtec.cat\/ceip-falba\/wp-json\/wp\/v2\/posts\/6012","targetHints":{"allow":["GET"]}}],"collection":[{"href":"https:\/\/agora.xtec.cat\/ceip-falba\/wp-json\/wp\/v2\/posts"}],"about":[{"href":"https:\/\/agora.xtec.cat\/ceip-falba\/wp-json\/wp\/v2\/types\/post"}],"author":[{"embeddable":true,"href":"https:\/\/agora.xtec.cat\/ceip-falba\/wp-json\/wp\/v2\/users\/1"}],"replies":[{"embeddable":true,"href":"https:\/\/agora.xtec.cat\/ceip-falba\/wp-json\/wp\/v2\/comments?post=6012"}],"version-history":[{"count":1,"href":"https:\/\/agora.xtec.cat\/ceip-falba\/wp-json\/wp\/v2\/posts\/6012\/revisions"}],"predecessor-version":[{"id":6016,"href":"https:\/\/agora.xtec.cat\/ceip-falba\/wp-json\/wp\/v2\/posts\/6012\/revisions\/6016"}],"wp:featuredmedia":[{"embeddable":true,"href":"https:\/\/agora.xtec.cat\/ceip-falba\/wp-json\/wp\/v2\/media\/6015"}],"wp:attachment":[{"href":"https:\/\/agora.xtec.cat\/ceip-falba\/wp-json\/wp\/v2\/media?parent=6012"}],"wp:term":[{"taxonomy":"category","embeddable":true,"href":"https:\/\/agora.xtec.cat\/ceip-falba\/wp-json\/wp\/v2\/categories?post=6012"},{"taxonomy":"post_tag","embeddable":true,"href":"https:\/\/agora.xtec.cat\/ceip-falba\/wp-json\/wp\/v2\/tags?post=6012"}],"curies":[{"name":"wp","href":"https:\/\/api.w.org\/{rel}","templated":true}]}}