{"id":5981,"date":"2019-12-20T13:04:29","date_gmt":"2019-12-20T12:04:29","guid":{"rendered":"http:\/\/agora.xtec.cat\/ceip-falba\/?p=5981"},"modified":"2019-12-20T13:05:12","modified_gmt":"2019-12-20T12:05:12","slug":"aqui-es-nadal-i-estic-content","status":"publish","type":"post","link":"https:\/\/agora.xtec.cat\/ceip-falba\/portada\/aqui-es-nadal-i-estic-content\/","title":{"rendered":"AQU\u00cd \u00c9S NADAL I ESTIC CONTENT!"},"content":{"rendered":"<p>Els mestres de l&#8217;escola Font de l&#8217;Alba hem fet aquest v\u00eddeo per desitjar-vos bones festes! Estem molt contents de compartir tants moments junts i desitgem que viviu les festes en molt bona companyia, amb la familia, amb amics&#8230; i sempre molt contents i agra\u00efts!<\/p>\n<p style=\"text-align: center;\">BONES FESTES I FELI\u00c7 ANY 2020!<\/p>\n<p><iframe loading=\"lazy\" title=\"Aqu\u00ed \u00e9s nadal i estic content - FONT DE L&#039;ALBA\" width=\"500\" height=\"281\" src=\"https:\/\/www.youtube.com\/embed\/FM95GXdyDsQ?feature=oembed\" frameborder=\"0\" allow=\"accelerometer; autoplay; clipboard-write; encrypted-media; gyroscope; picture-in-picture; web-share\" referrerpolicy=\"strict-origin-when-cross-origin\" allowfullscreen><\/iframe><\/p>\n","protected":false},"excerpt":{"rendered":"<p>Els mestres de l&#8217;escola Font de l&#8217;Alba hem fet aquest v\u00eddeo per desitjar-vos bones festes! &hellip;  <a href=\"https:\/\/agora.xtec.cat\/ceip-falba\/portada\/aqui-es-nadal-i-estic-content\/\" title=\"Read AQU\u00cd \u00c9S NADAL I ESTIC CONTENT!\">Llegeix m\u00e9s\u00bb<\/a><\/p>\n","protected":false},"author":1,"featured_media":5982,"comment_status":"closed","ping_status":"closed","sticky":false,"template":"","format":"standard","meta":{"_bbp_topic_count":0,"_bbp_reply_count":0,"_bbp_total_topic_count":0,"_bbp_total_reply_count":0,"_bbp_voice_count":0,"_bbp_anonymous_reply_count":0,"_bbp_topic_count_hidden":0,"_bbp_reply_count_hidden":0,"_bbp_forum_subforum_count":0,"footnotes":""},"categories":[262,35,4],"tags":[],"class_list":["post-5981","post","type-post","status-publish","format-standard","has-post-thumbnail","hentry","category-curs-2019-20","category-festes","category-portada"],"post_mailing_queue_ids":[],"_links":{"self":[{"href":"https:\/\/agora.xtec.cat\/ceip-falba\/wp-json\/wp\/v2\/posts\/5981","targetHints":{"allow":["GET"]}}],"collection":[{"href":"https:\/\/agora.xtec.cat\/ceip-falba\/wp-json\/wp\/v2\/posts"}],"about":[{"href":"https:\/\/agora.xtec.cat\/ceip-falba\/wp-json\/wp\/v2\/types\/post"}],"author":[{"embeddable":true,"href":"https:\/\/agora.xtec.cat\/ceip-falba\/wp-json\/wp\/v2\/users\/1"}],"replies":[{"embeddable":true,"href":"https:\/\/agora.xtec.cat\/ceip-falba\/wp-json\/wp\/v2\/comments?post=5981"}],"version-history":[{"count":1,"href":"https:\/\/agora.xtec.cat\/ceip-falba\/wp-json\/wp\/v2\/posts\/5981\/revisions"}],"predecessor-version":[{"id":5983,"href":"https:\/\/agora.xtec.cat\/ceip-falba\/wp-json\/wp\/v2\/posts\/5981\/revisions\/5983"}],"wp:featuredmedia":[{"embeddable":true,"href":"https:\/\/agora.xtec.cat\/ceip-falba\/wp-json\/wp\/v2\/media\/5982"}],"wp:attachment":[{"href":"https:\/\/agora.xtec.cat\/ceip-falba\/wp-json\/wp\/v2\/media?parent=5981"}],"wp:term":[{"taxonomy":"category","embeddable":true,"href":"https:\/\/agora.xtec.cat\/ceip-falba\/wp-json\/wp\/v2\/categories?post=5981"},{"taxonomy":"post_tag","embeddable":true,"href":"https:\/\/agora.xtec.cat\/ceip-falba\/wp-json\/wp\/v2\/tags?post=5981"}],"curies":[{"name":"wp","href":"https:\/\/api.w.org\/{rel}","templated":true}]}}