{"id":5812,"date":"2019-11-26T12:55:27","date_gmt":"2019-11-26T11:55:27","guid":{"rendered":"http:\/\/agora.xtec.cat\/ceip-falba\/?p=5812"},"modified":"2019-11-26T13:00:34","modified_gmt":"2019-11-26T12:00:34","slug":"especial-primera-entrevista-de-font-tv","status":"publish","type":"post","link":"https:\/\/agora.xtec.cat\/ceip-falba\/portada\/especial-primera-entrevista-de-font-tv\/","title":{"rendered":"ESPECIAL: PRIMERA ENTREVISTA DE FONT TV!"},"content":{"rendered":"<p>Avui hem fet una entrevista a la Carme Valverde, una pintora terrassenca que ha exposat molts quadres a diferents paisos. En aquest v\u00eddeo ens explica la seva t\u00e8cnica per fer els quadres, ens parla de quan temps esta fent un quadre i de la const\u00e0ncia i l&#8217;esfor\u00e7 per fer tot el que ens proposem. Moltes gracies per acompanyar-nos i pel teu temps!<\/p>\n<p><iframe loading=\"lazy\" src=\"\/\/www.youtube.com\/embed\/g2Mh8UQYvoI\" width=\"560\" height=\"314\" allowfullscreen=\"allowfullscreen\"><\/iframe><\/p>\n","protected":false},"excerpt":{"rendered":"<p>Avui hem fet una entrevista a la Carme Valverde, una pintora terrassenca que ha exposat molts quadres a diferents paisos.&hellip;  <a href=\"https:\/\/agora.xtec.cat\/ceip-falba\/portada\/especial-primera-entrevista-de-font-tv\/\" title=\"Read ESPECIAL: PRIMERA ENTREVISTA DE FONT TV!\">Llegeix m\u00e9s\u00bb<\/a><\/p>\n","protected":false},"author":1,"featured_media":5813,"comment_status":"closed","ping_status":"closed","sticky":false,"template":"","format":"standard","meta":{"_bbp_topic_count":0,"_bbp_reply_count":0,"_bbp_total_topic_count":0,"_bbp_total_reply_count":0,"_bbp_voice_count":0,"_bbp_anonymous_reply_count":0,"_bbp_topic_count_hidden":0,"_bbp_reply_count_hidden":0,"_bbp_forum_subforum_count":0,"footnotes":""},"categories":[15,262,26,4],"tags":[268,266,150,267],"class_list":["post-5812","post","type-post","status-publish","format-standard","has-post-thumbnail","hentry","category-6e","category-curs-2019-20","category-fonttv","category-portada","tag-art","tag-carme-valverde","tag-escola-font-de-lalba","tag-pintura"],"post_mailing_queue_ids":[],"_links":{"self":[{"href":"https:\/\/agora.xtec.cat\/ceip-falba\/wp-json\/wp\/v2\/posts\/5812","targetHints":{"allow":["GET"]}}],"collection":[{"href":"https:\/\/agora.xtec.cat\/ceip-falba\/wp-json\/wp\/v2\/posts"}],"about":[{"href":"https:\/\/agora.xtec.cat\/ceip-falba\/wp-json\/wp\/v2\/types\/post"}],"author":[{"embeddable":true,"href":"https:\/\/agora.xtec.cat\/ceip-falba\/wp-json\/wp\/v2\/users\/1"}],"replies":[{"embeddable":true,"href":"https:\/\/agora.xtec.cat\/ceip-falba\/wp-json\/wp\/v2\/comments?post=5812"}],"version-history":[{"count":3,"href":"https:\/\/agora.xtec.cat\/ceip-falba\/wp-json\/wp\/v2\/posts\/5812\/revisions"}],"predecessor-version":[{"id":5816,"href":"https:\/\/agora.xtec.cat\/ceip-falba\/wp-json\/wp\/v2\/posts\/5812\/revisions\/5816"}],"wp:featuredmedia":[{"embeddable":true,"href":"https:\/\/agora.xtec.cat\/ceip-falba\/wp-json\/wp\/v2\/media\/5813"}],"wp:attachment":[{"href":"https:\/\/agora.xtec.cat\/ceip-falba\/wp-json\/wp\/v2\/media?parent=5812"}],"wp:term":[{"taxonomy":"category","embeddable":true,"href":"https:\/\/agora.xtec.cat\/ceip-falba\/wp-json\/wp\/v2\/categories?post=5812"},{"taxonomy":"post_tag","embeddable":true,"href":"https:\/\/agora.xtec.cat\/ceip-falba\/wp-json\/wp\/v2\/tags?post=5812"}],"curies":[{"name":"wp","href":"https:\/\/api.w.org\/{rel}","templated":true}]}}